{"id":6895,"date":"2022-10-17T10:47:39","date_gmt":"2022-10-17T08:47:39","guid":{"rendered":"https:\/\/www.sutw-kielce.pl\/?p=6895"},"modified":"2022-10-17T10:47:39","modified_gmt":"2022-10-17T08:47:39","slug":"forum-zdrowia-psychicznego","status":"publish","type":"post","link":"https:\/\/www.sutw-kielce.pl\/?p=6895","title":{"rendered":"Forum Zdrowia Psychicznego"},"content":{"rendered":"\n<p>Fundacja \u201ePEStka\u201d serdecznie zaprasza do wzi\u0119cia udzia\u0142u w III Forum Zdrowia Psychicznego, kt\u00f3re odb\u0119dzie si\u0119 25 pa\u017adziernika br. (wtorek).<br>Wsp\u00f3\u0142organizatorem wydarzenia jest Wydzia\u0142 Pedagogiki i Psychologii Uniwersytetu Jana Kochanowskiego <br>w Kielcach.<br>Wydarzenie organizowane jest ramach projektu pn. \u201eOgr\u00f3d nadziei\u201d wsp\u00f3\u0142finansowanego ze \u015brodk\u00f3w Europejskiego Funduszu Spo\u0142ecznego w ramach Regionalnego Programu Operacyjnego Wojew\u00f3dztwa \u015awi\u0119tokrzyskiego na lata 2014-2020, O\u015b priorytetowa 9. W\u0142\u0105czenie spo\u0142eczne i walka z ub\u00f3stwem, Dzia\u0142anie 9.2 U\u0142atwienie dost\u0119pu do wysokiej jako\u015bci us\u0142ug spo\u0142ecznych i zdrowotnych, Poddzia\u0142anie 9.2.3 Rozw\u00f3j wysokiej jako\u015bci us\u0142ug zdrowotnych (projekty konkursowe).<br><br>Uczestnictwo w Forum jest bezp\u0142atne. <br>Warunkiem uczestnictwa w Forum Zdrowia Psychicznego jest wype\u0142nienie formularza zg\u0142oszeniowego dost\u0119pnego pod adresem:<br><a href=\"https:\/\/docs.google.com\/forms\/d\/e\/1FAIpQLSfuAaEAZfBpxbidIguwZ8BoCTik2DPGH6KnK9UWm2Yh4F8uVw\/viewform?vc=0&amp;c=0&amp;w=1&amp;flr=0\">https:\/\/docs.google.com\/forms\/d\/e\/1FAIpQLSfuAaEAZfBpxbidIguwZ8BoCTik2DPGH6KnK9UWm2Yh4F8uVw\/viewform?vc=0&amp;c=0&amp;w=1&amp;flr=0<\/a>  <br><br>Szczeg\u00f3\u0142owe informacje znajdziesz <a href=\"https:\/\/fundacjapestka.pl\/aktualnosci\/205-iii-forum-zdrowia-psychicznego-termin-nadsylania-zgloszen-20-10-2022-r?fbclid=IwAR2nGqzWgVn1m2lxi0g8WULK_GcFfns9zhqiygSZ_8lO5OxOE9l8V-Z7XGs\">tutaj<\/a>.<\/p>\n\n\n\n<p><\/p>\n","protected":false},"excerpt":{"rendered":"<p>Fundacja \u201ePEStka\u201d serdecznie zaprasza do wzi\u0119cia udzia\u0142u w III Forum Zdrowia Psychicznego, kt\u00f3re odb\u0119dzie si\u0119 25 pa\u017adziernika br. (wtorek).Wsp\u00f3\u0142organizatorem wydarzenia jest Wydzia\u0142 Pedagogiki i Psychologii<a class=\"moretag\" href=\"https:\/\/www.sutw-kielce.pl\/?p=6895\"> [&#8230;]<\/a><\/p>\n","protected":false},"author":5,"featured_media":6898,"comment_status":"open","ping_status":"open","sticky":false,"template":"","format":"standard","meta":{"_bbp_topic_count":0,"_bbp_reply_count":0,"_bbp_total_topic_count":0,"_bbp_total_reply_count":0,"_bbp_voice_count":0,"_bbp_anonymous_reply_count":0,"_bbp_topic_count_hidden":0,"_bbp_reply_count_hidden":0,"_bbp_forum_subforum_count":0,"footnotes":""},"categories":[4],"tags":[],"_links":{"self":[{"href":"https:\/\/www.sutw-kielce.pl\/index.php?rest_route=\/wp\/v2\/posts\/6895"}],"collection":[{"href":"https:\/\/www.sutw-kielce.pl\/index.php?rest_route=\/wp\/v2\/posts"}],"about":[{"href":"https:\/\/www.sutw-kielce.pl\/index.php?rest_route=\/wp\/v2\/types\/post"}],"author":[{"embeddable":true,"href":"https:\/\/www.sutw-kielce.pl\/index.php?rest_route=\/wp\/v2\/users\/5"}],"replies":[{"embeddable":true,"href":"https:\/\/www.sutw-kielce.pl\/index.php?rest_route=%2Fwp%2Fv2%2Fcomments&post=6895"}],"version-history":[{"count":2,"href":"https:\/\/www.sutw-kielce.pl\/index.php?rest_route=\/wp\/v2\/posts\/6895\/revisions"}],"predecessor-version":[{"id":6899,"href":"https:\/\/www.sutw-kielce.pl\/index.php?rest_route=\/wp\/v2\/posts\/6895\/revisions\/6899"}],"wp:featuredmedia":[{"embeddable":true,"href":"https:\/\/www.sutw-kielce.pl\/index.php?rest_route=\/wp\/v2\/media\/6898"}],"wp:attachment":[{"href":"https:\/\/www.sutw-kielce.pl\/index.php?rest_route=%2Fwp%2Fv2%2Fmedia&parent=6895"}],"wp:term":[{"taxonomy":"category","embeddable":true,"href":"https:\/\/www.sutw-kielce.pl\/index.php?rest_route=%2Fwp%2Fv2%2Fcategories&post=6895"},{"taxonomy":"post_tag","embeddable":true,"href":"https:\/\/www.sutw-kielce.pl\/index.php?rest_route=%2Fwp%2Fv2%2Ftags&post=6895"}],"curies":[{"name":"wp","href":"https:\/\/api.w.org\/{rel}","templated":true}]}}