{"id":6886,"date":"2022-10-12T21:10:31","date_gmt":"2022-10-12T19:10:31","guid":{"rendered":"https:\/\/www.sutw-kielce.pl\/?p=6886"},"modified":"2022-10-12T21:10:31","modified_gmt":"2022-10-12T19:10:31","slug":"skandalisci-i-aferzysci-ii-rzeczpospolitej","status":"publish","type":"post","link":"https:\/\/www.sutw-kielce.pl\/?p=6886","title":{"rendered":"\u201eSkandali\u015bci i aferzy\u015bci II Rzeczpospolitej\u201d"},"content":{"rendered":"\n<p>W sobot\u0119 01 10 2022 pani dr Lidia Zasacka opowiedzia\u0142a nam o skandalach kt\u00f3re wybucha\u0142y w II Rzeczpospolitej. Tytu\u0142 prelekcji brzmia\u0142 \u201eSkandali\u015bci i aferzy\u015bci II Rzeczpospolitej\u201d i o takich osobach opowiada\u0142a nam pani dr Zasacka.\u00a0\u00a0\u00a0\u00a0\u00a0\u00a0\u00a0\u00a0\u00a0\u00a0\u00a0\u00a0\u00a0\u00a0\u00a0\u00a0\u00a0\u00a0\u00a0\u00a0\u00a0\u00a0\u00a0\u00a0\u00a0\u00a0 \u00a0\u00a0\u00a0\u00a0\u00a0\u00a0\u00a0\u00a0\u00a0\u00a0\u00a0\u00a0\u00a0\u00a0\u00a0\u00a0\u00a0\u00a0\u00a0\u00a0\u00a0\u00a0\u00a0\u00a0\u00a0\u00a0\u00a0\u00a0\u00a0\u00a0\u00a0\u00a0\u00a0\u00a0\u00a0\u00a0\u00a0\u00a0\u00a0\u00a0\u00a0\u00a0\u00a0\u00a0\u00a0\u00a0\u00a0\u00a0\u00a0\u00a0\u00a0\u00a0\u00a0\u00a0\u00a0\u00a0\u00a0\u00a0\u00a0\u00a0\u00a0\u00a0\u00a0\u00a0\u00a0\u00a0\u00a0\u00a0\u00a0\u00a0\u00a0\u00a0\u00a0\u00a0\u00a0\u00a0\u00a0\u00a0\u00a0\u00a0\u00a0\u00a0\u00a0\u00a0\u00a0\u00a0\u00a0\u00a0\u00a0\u00a0\u00a0\u00a0\u00a0\u00a0<\/p>\n\n\n\n<p>Czas mi\u0119dzywojnia by\u0142 to czas rado\u015bci spo\u0142ecze\u0144stwa, zabaw jak r\u00f3wnie\u017c by\u0142 okresem ogromnego rozkwitu sztuki, kultury i ludzie z tym zwi\u0105zani \u017cyli bardziej intensywnie.\u00a0St\u0105d rodzi\u0142y si\u0119 swobodniejsze sposoby \u017cycia u pewnych grup spo\u0142ecznych zw\u0142aszcza artystycznych czy elit w\u0142adzy. Np. grupa \u201eSkamander\u201d skupiaj\u0105ca znanych artyst\u00f3w i literat\u00f3w jak Julian Tuwim, Jan Lecho\u0144 , Antoni S\u0142onimski i te\u017c inni \u017cyj\u0105cy\u00a0 poza Warszaw\u0105 jak Boy czy Witkacy .<\/p>\n\n\n\n<p>Ludzie tych formacji nie stronili od alkoholu, szokowali opinie publiczn\u0105 swoim zachowaniem niekiedy bardzo swobodnym a tak\u017ce nietypowym \u00a0ubiorem nawet nieco dziwnym \/ Witkacy\/ \u00a0a tak\u017ce du\u017c\u0105 swobod\u0105 obyczajow\u0105, kontaktami homoseksualnymi, wsp\u00f3lnymi przyja\u017aniami \u017con, kochanek i \u00a0kochank\u00f3w. Ca\u0142a gama mi\u0119dzywojennych\u00a0 znanych postaci jak np. literaci Iwaszkiewicz, Tuwim, Boy-\u017bele\u0144ski, Witkacy czy kobiety Na\u0142kowska, Irena Krzywicka czy te\u017c inni znani ludzie byli autorami wielu skandali kt\u00f3rymi ekscytowa\u0142o si\u0119 spo\u0142ecze\u0144stwo a kt\u00f3re nie zawsze przekazane zosta\u0142y nast\u0119pnym pokoleniom.\u00a0\u00a0\u00a0\u00a0\u00a0\u00a0\u00a0\u00a0\u00a0\u00a0\u00a0\u00a0\u00a0\u00a0\u00a0\u00a0\u00a0\u00a0\u00a0\u00a0\u00a0\u00a0\u00a0\u00a0\u00a0\u00a0\u00a0 \u00a0\u00a0\u00a0\u00a0\u00a0\u00a0\u00a0\u00a0\u00a0\u00a0\u00a0\u00a0\u00a0\u00a0\u00a0\u00a0\u00a0\u00a0\u00a0\u00a0\u00a0\u00a0\u00a0\u00a0<\/p>\n\n\n\n<p>Pani dr Zasacka w swoim wyk\u0142adzie ujawni\u0142a ich s\u0142abo\u015bci i zachowania nieakceptowalne dla szerszego spo\u0142ecze\u0144stwa .<\/p>\n\n\n\n<p> Wyk\u0142ad uchyli\u0142 nam r\u0105bka tajemnicy i odbr\u0105zowi\u0142 nieco wiele os\u00f3b znanych dotychczas z ich dokona\u0144 i sukces\u00f3w . Prelekcja by\u0142a\u00a0 bardzo interesuj\u0105ca i\u00a0 liczymy na dalsze r\u00f3wnie ciekawe wyk\u0142ady<\/p>\n\n\n\n<p>\u00a0\u00a0\u00a0\u00a0\u00a0\u00a0\u00a0\u00a0\u00a0\u00a0\u00a0\u00a0\u00a0\u00a0\u00a0\u00a0\u00a0\u00a0\u00a0\u00a0\u00a0\u00a0\u00a0\u00a0\u00a0\u00a0\u00a0\u00a0\u00a0\u00a0\u00a0\u00a0\u00a0\u00a0\u00a0\u00a0\u00a0\u00a0\u00a0\u00a0\u00a0\u00a0\u00a0\u00a0\u00a0\u00a0\u00a0\u00a0\u00a0\u00a0\u00a0\u00a0\u00a0\u00a0\u00a0\u00a0\u00a0\u00a0\u00a0\u00a0\u00a0\u00a0\u00a0\u00a0\u00a0\u00a0\u00a0\u00a0\u00a0\u00a0\u00a0\u00a0\u00a0\u00a0\u00a0\u00a0\u00a0\u00a0\u00a0\u00a0\u00a0\u00a0\u00a0\u00a0\u00a0\u00a0\u00a0\u00a0\u00a0\u00a0\u00a0\u00a0\u00a0 \u00a0\u00a0\u00a0\u00a0\u00a0\u00a0\u00a0\u00a0\u00a0\u00a0\u00a0\u00a0\u00a0\u00a0Ewa Rudawska<\/p>\n\n\n\n<figure class=\"wp-block-gallery columns-1 is-cropped wp-block-gallery-1 is-layout-flex wp-block-gallery-is-layout-flex\"><ul class=\"blocks-gallery-grid\"><li class=\"blocks-gallery-item\"><figure><a href=\"https:\/\/www.sutw-kielce.pl\/wp-content\/uploads\/2022\/10\/20221009_103435-scaled.jpg\"><img loading=\"lazy\" decoding=\"async\" width=\"1024\" height=\"768\" src=\"https:\/\/www.sutw-kielce.pl\/wp-content\/uploads\/2022\/10\/20221009_103435-1024x768.jpg\" alt=\"\" data-id=\"6889\" data-full-url=\"https:\/\/www.sutw-kielce.pl\/wp-content\/uploads\/2022\/10\/20221009_103435-scaled.jpg\" data-link=\"https:\/\/www.sutw-kielce.pl\/?attachment_id=6889\" class=\"wp-image-6889\" srcset=\"https:\/\/www.sutw-kielce.pl\/wp-content\/uploads\/2022\/10\/20221009_103435-1024x768.jpg 1024w, https:\/\/www.sutw-kielce.pl\/wp-content\/uploads\/2022\/10\/20221009_103435-300x225.jpg 300w, https:\/\/www.sutw-kielce.pl\/wp-content\/uploads\/2022\/10\/20221009_103435-768x576.jpg 768w, https:\/\/www.sutw-kielce.pl\/wp-content\/uploads\/2022\/10\/20221009_103435-1536x1152.jpg 1536w, https:\/\/www.sutw-kielce.pl\/wp-content\/uploads\/2022\/10\/20221009_103435-2048x1536.jpg 2048w\" sizes=\"(max-width: 1024px) 100vw, 1024px\" \/><\/a><\/figure><\/li><li class=\"blocks-gallery-item\"><figure><a href=\"https:\/\/www.sutw-kielce.pl\/wp-content\/uploads\/2022\/10\/20221008_101947-scaled.jpg\"><img loading=\"lazy\" decoding=\"async\" width=\"1024\" height=\"768\" src=\"https:\/\/www.sutw-kielce.pl\/wp-content\/uploads\/2022\/10\/20221008_101947-1024x768.jpg\" alt=\"\" data-id=\"6888\" data-full-url=\"https:\/\/www.sutw-kielce.pl\/wp-content\/uploads\/2022\/10\/20221008_101947-scaled.jpg\" data-link=\"https:\/\/www.sutw-kielce.pl\/?attachment_id=6888\" class=\"wp-image-6888\" srcset=\"https:\/\/www.sutw-kielce.pl\/wp-content\/uploads\/2022\/10\/20221008_101947-1024x768.jpg 1024w, https:\/\/www.sutw-kielce.pl\/wp-content\/uploads\/2022\/10\/20221008_101947-300x225.jpg 300w, https:\/\/www.sutw-kielce.pl\/wp-content\/uploads\/2022\/10\/20221008_101947-768x576.jpg 768w, https:\/\/www.sutw-kielce.pl\/wp-content\/uploads\/2022\/10\/20221008_101947-1536x1152.jpg 1536w, https:\/\/www.sutw-kielce.pl\/wp-content\/uploads\/2022\/10\/20221008_101947-2048x1536.jpg 2048w\" sizes=\"(max-width: 1024px) 100vw, 1024px\" \/><\/a><\/figure><\/li><\/ul><\/figure>\n","protected":false},"excerpt":{"rendered":"<p>W sobot\u0119 01 10 2022 pani dr Lidia Zasacka opowiedzia\u0142a nam o skandalach kt\u00f3re wybucha\u0142y w II Rzeczpospolitej. Tytu\u0142 prelekcji brzmia\u0142 \u201eSkandali\u015bci i aferzy\u015bci II<a class=\"moretag\" href=\"https:\/\/www.sutw-kielce.pl\/?p=6886\"> [&#8230;]<\/a><\/p>\n","protected":false},"author":6,"featured_media":6887,"comment_status":"open","ping_status":"open","sticky":false,"template":"","format":"standard","meta":{"_bbp_topic_count":0,"_bbp_reply_count":0,"_bbp_total_topic_count":0,"_bbp_total_reply_count":0,"_bbp_voice_count":0,"_bbp_anonymous_reply_count":0,"_bbp_topic_count_hidden":0,"_bbp_reply_count_hidden":0,"_bbp_forum_subforum_count":0,"footnotes":""},"categories":[10],"tags":[],"_links":{"self":[{"href":"https:\/\/www.sutw-kielce.pl\/index.php?rest_route=\/wp\/v2\/posts\/6886"}],"collection":[{"href":"https:\/\/www.sutw-kielce.pl\/index.php?rest_route=\/wp\/v2\/posts"}],"about":[{"href":"https:\/\/www.sutw-kielce.pl\/index.php?rest_route=\/wp\/v2\/types\/post"}],"author":[{"embeddable":true,"href":"https:\/\/www.sutw-kielce.pl\/index.php?rest_route=\/wp\/v2\/users\/6"}],"replies":[{"embeddable":true,"href":"https:\/\/www.sutw-kielce.pl\/index.php?rest_route=%2Fwp%2Fv2%2Fcomments&post=6886"}],"version-history":[{"count":1,"href":"https:\/\/www.sutw-kielce.pl\/index.php?rest_route=\/wp\/v2\/posts\/6886\/revisions"}],"predecessor-version":[{"id":6891,"href":"https:\/\/www.sutw-kielce.pl\/index.php?rest_route=\/wp\/v2\/posts\/6886\/revisions\/6891"}],"wp:featuredmedia":[{"embeddable":true,"href":"https:\/\/www.sutw-kielce.pl\/index.php?rest_route=\/wp\/v2\/media\/6887"}],"wp:attachment":[{"href":"https:\/\/www.sutw-kielce.pl\/index.php?rest_route=%2Fwp%2Fv2%2Fmedia&parent=6886"}],"wp:term":[{"taxonomy":"category","embeddable":true,"href":"https:\/\/www.sutw-kielce.pl\/index.php?rest_route=%2Fwp%2Fv2%2Fcategories&post=6886"},{"taxonomy":"post_tag","embeddable":true,"href":"https:\/\/www.sutw-kielce.pl\/index.php?rest_route=%2Fwp%2Fv2%2Ftags&post=6886"}],"curies":[{"name":"wp","href":"https:\/\/api.w.org\/{rel}","templated":true}]}}