{"id":6847,"date":"2022-10-12T11:12:42","date_gmt":"2022-10-12T09:12:42","guid":{"rendered":"https:\/\/www.sutw-kielce.pl\/?p=6847"},"modified":"2022-10-12T11:21:43","modified_gmt":"2022-10-12T09:21:43","slug":"inauguracja-roku-akademickiego-2022-2023-w-sutw","status":"publish","type":"post","link":"https:\/\/www.sutw-kielce.pl\/?p=6847","title":{"rendered":"Inauguracja roku akademickiego 2022\/2023 w \u015aUTW."},"content":{"rendered":"\n<p>Uroczyste rozpocz\u0119cie nowego roku akademickiego w naszym UTW mia\u0142o miejsce w Woj. Domu Kultury <br>w dniu 10.10.2022. W tym wa\u017cnym dla nas wydarzeniu  wzi\u0119li udzia\u0142 tak\u017ce honorowi go\u015bcie: wiceminister Sportu i Kultury Anna Krupka, wicemarsza\u0142ek woj. \u015bwi\u0119tokrzyskiego Renata Janik, senator Krzysztof S\u0142o\u0144, prorektor Politechniki \u015awi\u0119tokrzyskiej prof. Artur Maci\u0105g, dziekan Wy\u017cszej Szko\u0142y Ekonomii, Prawa, Nauk Medycznych im. prof. E.Lipi\u0144skiego dr \u0141ukasz Boraty\u0144ski, prezes G\u0142\u00f3wnego Urz\u0119du Miar prof. Jacek Semaniak. z-ca dyrektora Regionalnego O\u015brodka Polityki Spo\u0142ecznej Arkadiusz \u015alipikowski. Z okazji inauguracji roku akademickiego , z\u0142o\u017cyli s\u0142uchaczom \u015aUTW \u017cyczenia ciekawych zaj\u0119\u0107 , realizowania zamierze\u0144, na kt\u00f3re wcze\u015bniej nie mieli czasu  i zach\u0119cali do aktywno\u015bci spo\u0142ecznej i ruchowej. <\/p>\n\n\n\n<p>Oficjalnego otwarcia nowego roku akademickiego 2022\/2023 dokona\u0142 prorektor P\u015a prof. Artur Maci\u0105g. W swoim kr\u00f3tkim wyst\u0105pieniu podkre\u015bli\u0142 jak wa\u017cne s\u0105 kontakty mi\u0119dzyludzkie, dba\u0142o\u015b\u0107 o rozw\u00f3j osobisty oraz nad\u0105\u017canie za rozwojem technologicznym \u015bwiata. <\/p>\n\n\n\n<p>Wyk\u0142ad inauguracyjny pt.&#8221;G\u0142\u00f3wny Urz\u0105d Miar &#8211; pewno\u015b\u0107 miar&#8221; wyg\u0142osi\u0142 pro. Jacek Semaniak. <br>Wspomnia\u0142, \u017ce nasze miasto zawsze wykazywa\u0142o dba\u0142o\u015b\u0107 o miary. Mi\u0119dzynarodowe Biuro Miar w podparyskim S\u00e8vres szczyci si\u0119 s\u0142ynnym wzorcem metra. W Kielcach znajdziemy za\u015b wzorce miar starsze od tych ze zbior\u00f3w  francuskiej instytucji. Wyryto je na XVIII-wiecznej marmurowej tablicy, umieszczonej na \u015bcianie bazyliki katedralnej. Iinformacje wyryte na tablicy, a szczeg\u00f3lnie wzorce miar umo\u017cliwia\u0142y rozliczanie transakcji zawieranych na pobliskim rynku. <br>Z du\u017cym zaciekawieniem s\u0142uchali\u015bmy jak na \u015bwiecie nast\u0119powo\u0142o porz\u0105dkowanie systemu miar, kt\u00f3ry w ka\u017cdym regione by\u0142 inny. Pocz\u0105tek porz\u0105dkowania tego systemu przypada na rok 1790, gdy we Francji wprowdzono pierwsze wzorce miar. Np.1m to by\u0142a jedna dzisi\u0119ciomilionowa cz\u0119\u015b\u0107 odleg\u0142o\u015b\u0107i od bieguna p\u00f3\u0142nocnego do r\u00f3wnika. Tak powsta\u0142 fizyczny wzorzec platynoirydowy. <br>Okazuje si\u0119, \u017ce metrologia ca\u0142y czs przechodzi przemiany. Dzi\u015b &#8220;metr&#8221; zale\u017cy od d\u0142ugo\u015bci \u015bwiat\u0142a laseru helowo &#8211; neonowego. Inne jednostki r\u00f3\u017cnych miar (czas, cz\u0119stotliwo\u015b\u0107 itd) obecnie odnoszone s\u0105 do poziomu wn\u0119trza atomu. <br>Dowiedzieli\u015bmy si\u0119 tak\u017ce jak funkcjonuje w Polsce G\u0142\u00f3wny Urz\u0105d Miar, jak wa\u017cny dla ca\u0142ej gospodarki krajowej jest budowany w naszym mie\u015bcie \u015awi\u0119tokrzyski Kampus Laboratoryjny G\u0142\u00f3wnego Urz\u0119du Miar. <\/p>\n\n\n\n<p class=\"has-text-align-center has-medium-font-size\"><em>&#8220;Miary na r\u00f3wni z alfabetem <br>s\u0105 podstaw\u0105 ka\u017cdej kultury&#8221;<\/em><\/p>\n\n\n\n<p class=\"has-text-align-center\"><em>Zdzis\u0142aw Erazm Rauszer<\/em><br>    <\/p>\n\n\n\n<p>Zako\u0144czenie uroczysto\u015bci u\u015bwietni\u0142 nam wyst\u0119p, bardzo przez nas (i nie tylko) lubianej grupu wokalnej <br>&#8220;Tu i Teraz&#8221; naszego UTW.  Piosenki z okresu 20 lecia mi\u0119dzywojennego min. &#8220;Tango Milonga&#8221;, &#8220;Oczy czarne&#8221;, &#8220;Przy kominku&#8221; pozwoli\u0142y nam si\u0119 mi\u0142o zrelaksowa\u0107 .<\/p>\n\n\n\n<p><\/p>\n\n\n\n<p>Kielce dn. 12.10.22.<br>Jadwiga Dula <\/p>\n\n\n\n<p>Czytaj tak\u017ce na stronie Urz\u0119du Marsza\u0142kowskiego. <a href=\"https:\/\/www.swietokrzyskie.pro\/inauguracje-roku-uniwersytetow-trzeciego-wieku\/\">https:\/\/www.swietokrzyskie.pro\/inauguracje-roku-uniwersytetow-trzeciego-wieku\/<\/a><\/p>\n\n\n\n<p>Zdj\u0119cia: Urz\u0105d Marsza\u0142kowski, Mira Bana\u015b, Jadwiga Dula<\/p>\n\n\n\n<figure class=\"wp-block-gallery columns-3 is-cropped wp-block-gallery-1 is-layout-flex wp-block-gallery-is-layout-flex\"><ul class=\"blocks-gallery-grid\"><li class=\"blocks-gallery-item\"><figure><a href=\"https:\/\/www.sutw-kielce.pl\/wp-content\/uploads\/2022\/10\/Inauguracje-roku-Uniwersytetow-Trzeciego-Wieku-1024x683-1.jpg\"><img loading=\"lazy\" decoding=\"async\" width=\"1024\" height=\"683\" src=\"https:\/\/www.sutw-kielce.pl\/wp-content\/uploads\/2022\/10\/Inauguracje-roku-Uniwersytetow-Trzeciego-Wieku-1024x683-1.jpg\" alt=\"\" data-id=\"6855\" data-full-url=\"https:\/\/www.sutw-kielce.pl\/wp-content\/uploads\/2022\/10\/Inauguracje-roku-Uniwersytetow-Trzeciego-Wieku-1024x683-1.jpg\" data-link=\"https:\/\/www.sutw-kielce.pl\/?attachment_id=6855\" class=\"wp-image-6855\" srcset=\"https:\/\/www.sutw-kielce.pl\/wp-content\/uploads\/2022\/10\/Inauguracje-roku-Uniwersytetow-Trzeciego-Wieku-1024x683-1.jpg 1024w, https:\/\/www.sutw-kielce.pl\/wp-content\/uploads\/2022\/10\/Inauguracje-roku-Uniwersytetow-Trzeciego-Wieku-1024x683-1-300x200.jpg 300w, https:\/\/www.sutw-kielce.pl\/wp-content\/uploads\/2022\/10\/Inauguracje-roku-Uniwersytetow-Trzeciego-Wieku-1024x683-1-768x512.jpg 768w\" sizes=\"(max-width: 1024px) 100vw, 1024px\" \/><\/a><\/figure><\/li><li class=\"blocks-gallery-item\"><figure><a href=\"https:\/\/www.sutw-kielce.pl\/wp-content\/uploads\/2022\/10\/310974929_1249008698999600_6011630957260208155_n.jpg\"><img loading=\"lazy\" decoding=\"async\" width=\"1024\" height=\"766\" src=\"https:\/\/www.sutw-kielce.pl\/wp-content\/uploads\/2022\/10\/310974929_1249008698999600_6011630957260208155_n-1024x766.jpg\" alt=\"\" data-id=\"6853\" data-full-url=\"https:\/\/www.sutw-kielce.pl\/wp-content\/uploads\/2022\/10\/310974929_1249008698999600_6011630957260208155_n.jpg\" data-link=\"https:\/\/www.sutw-kielce.pl\/?attachment_id=6853\" class=\"wp-image-6853\" srcset=\"https:\/\/www.sutw-kielce.pl\/wp-content\/uploads\/2022\/10\/310974929_1249008698999600_6011630957260208155_n-1024x766.jpg 1024w, https:\/\/www.sutw-kielce.pl\/wp-content\/uploads\/2022\/10\/310974929_1249008698999600_6011630957260208155_n-300x225.jpg 300w, https:\/\/www.sutw-kielce.pl\/wp-content\/uploads\/2022\/10\/310974929_1249008698999600_6011630957260208155_n-768x575.jpg 768w, https:\/\/www.sutw-kielce.pl\/wp-content\/uploads\/2022\/10\/310974929_1249008698999600_6011630957260208155_n.jpg 1125w\" sizes=\"(max-width: 1024px) 100vw, 1024px\" \/><\/a><\/figure><\/li><li class=\"blocks-gallery-item\"><figure><a href=\"https:\/\/www.sutw-kielce.pl\/wp-content\/uploads\/2022\/10\/Inauguracje-roku-Uniwersytetow-Trzeciego-Wieku1-1024x683-1.jpg\"><img loading=\"lazy\" decoding=\"async\" width=\"1024\" height=\"683\" src=\"https:\/\/www.sutw-kielce.pl\/wp-content\/uploads\/2022\/10\/Inauguracje-roku-Uniwersytetow-Trzeciego-Wieku1-1024x683-1.jpg\" alt=\"\" data-id=\"6861\" data-full-url=\"https:\/\/www.sutw-kielce.pl\/wp-content\/uploads\/2022\/10\/Inauguracje-roku-Uniwersytetow-Trzeciego-Wieku1-1024x683-1.jpg\" data-link=\"https:\/\/www.sutw-kielce.pl\/?attachment_id=6861\" class=\"wp-image-6861\" srcset=\"https:\/\/www.sutw-kielce.pl\/wp-content\/uploads\/2022\/10\/Inauguracje-roku-Uniwersytetow-Trzeciego-Wieku1-1024x683-1.jpg 1024w, https:\/\/www.sutw-kielce.pl\/wp-content\/uploads\/2022\/10\/Inauguracje-roku-Uniwersytetow-Trzeciego-Wieku1-1024x683-1-300x200.jpg 300w, https:\/\/www.sutw-kielce.pl\/wp-content\/uploads\/2022\/10\/Inauguracje-roku-Uniwersytetow-Trzeciego-Wieku1-1024x683-1-768x512.jpg 768w\" sizes=\"(max-width: 1024px) 100vw, 1024px\" \/><\/a><\/figure><\/li><li class=\"blocks-gallery-item\"><figure><a href=\"https:\/\/www.sutw-kielce.pl\/wp-content\/uploads\/2022\/10\/IMG_2656.jpg\"><img loading=\"lazy\" decoding=\"async\" width=\"640\" height=\"480\" src=\"https:\/\/www.sutw-kielce.pl\/wp-content\/uploads\/2022\/10\/IMG_2656.jpg\" alt=\"\" data-id=\"6850\" data-full-url=\"https:\/\/www.sutw-kielce.pl\/wp-content\/uploads\/2022\/10\/IMG_2656.jpg\" data-link=\"https:\/\/www.sutw-kielce.pl\/?attachment_id=6850\" class=\"wp-image-6850\" srcset=\"https:\/\/www.sutw-kielce.pl\/wp-content\/uploads\/2022\/10\/IMG_2656.jpg 640w, https:\/\/www.sutw-kielce.pl\/wp-content\/uploads\/2022\/10\/IMG_2656-300x225.jpg 300w\" sizes=\"(max-width: 640px) 100vw, 640px\" \/><\/a><\/figure><\/li><li class=\"blocks-gallery-item\"><figure><a href=\"https:\/\/www.sutw-kielce.pl\/wp-content\/uploads\/2022\/10\/IMG_2655.jpg\"><img loading=\"lazy\" decoding=\"async\" width=\"640\" height=\"340\" src=\"https:\/\/www.sutw-kielce.pl\/wp-content\/uploads\/2022\/10\/IMG_2655.jpg\" alt=\"\" data-id=\"6852\" data-full-url=\"https:\/\/www.sutw-kielce.pl\/wp-content\/uploads\/2022\/10\/IMG_2655.jpg\" data-link=\"https:\/\/www.sutw-kielce.pl\/?attachment_id=6852\" class=\"wp-image-6852\" srcset=\"https:\/\/www.sutw-kielce.pl\/wp-content\/uploads\/2022\/10\/IMG_2655.jpg 640w, https:\/\/www.sutw-kielce.pl\/wp-content\/uploads\/2022\/10\/IMG_2655-300x159.jpg 300w\" sizes=\"(max-width: 640px) 100vw, 640px\" \/><\/a><\/figure><\/li><li class=\"blocks-gallery-item\"><figure><a href=\"https:\/\/www.sutw-kielce.pl\/wp-content\/uploads\/2022\/10\/311072160_1423687124819196_8788672108749139885_n.jpg\"><img loading=\"lazy\" decoding=\"async\" width=\"1024\" height=\"766\" src=\"https:\/\/www.sutw-kielce.pl\/wp-content\/uploads\/2022\/10\/311072160_1423687124819196_8788672108749139885_n-1024x766.jpg\" alt=\"\" data-id=\"6854\" data-full-url=\"https:\/\/www.sutw-kielce.pl\/wp-content\/uploads\/2022\/10\/311072160_1423687124819196_8788672108749139885_n.jpg\" data-link=\"https:\/\/www.sutw-kielce.pl\/?attachment_id=6854\" class=\"wp-image-6854\" srcset=\"https:\/\/www.sutw-kielce.pl\/wp-content\/uploads\/2022\/10\/311072160_1423687124819196_8788672108749139885_n-1024x766.jpg 1024w, https:\/\/www.sutw-kielce.pl\/wp-content\/uploads\/2022\/10\/311072160_1423687124819196_8788672108749139885_n-300x225.jpg 300w, https:\/\/www.sutw-kielce.pl\/wp-content\/uploads\/2022\/10\/311072160_1423687124819196_8788672108749139885_n-768x575.jpg 768w, https:\/\/www.sutw-kielce.pl\/wp-content\/uploads\/2022\/10\/311072160_1423687124819196_8788672108749139885_n.jpg 1125w\" sizes=\"(max-width: 1024px) 100vw, 1024px\" \/><\/a><\/figure><\/li><li class=\"blocks-gallery-item\"><figure><a href=\"https:\/\/www.sutw-kielce.pl\/wp-content\/uploads\/2022\/10\/Inauguracje-roku-Uniwersytetow-Trzeciego-Wieku3-1024x778-1.jpg\"><img loading=\"lazy\" decoding=\"async\" width=\"1024\" height=\"778\" src=\"https:\/\/www.sutw-kielce.pl\/wp-content\/uploads\/2022\/10\/Inauguracje-roku-Uniwersytetow-Trzeciego-Wieku3-1024x778-1.jpg\" alt=\"\" data-id=\"6857\" data-full-url=\"https:\/\/www.sutw-kielce.pl\/wp-content\/uploads\/2022\/10\/Inauguracje-roku-Uniwersytetow-Trzeciego-Wieku3-1024x778-1.jpg\" data-link=\"https:\/\/www.sutw-kielce.pl\/?attachment_id=6857\" class=\"wp-image-6857\" srcset=\"https:\/\/www.sutw-kielce.pl\/wp-content\/uploads\/2022\/10\/Inauguracje-roku-Uniwersytetow-Trzeciego-Wieku3-1024x778-1.jpg 1024w, https:\/\/www.sutw-kielce.pl\/wp-content\/uploads\/2022\/10\/Inauguracje-roku-Uniwersytetow-Trzeciego-Wieku3-1024x778-1-300x228.jpg 300w, https:\/\/www.sutw-kielce.pl\/wp-content\/uploads\/2022\/10\/Inauguracje-roku-Uniwersytetow-Trzeciego-Wieku3-1024x778-1-768x584.jpg 768w\" sizes=\"(max-width: 1024px) 100vw, 1024px\" \/><\/a><\/figure><\/li><li class=\"blocks-gallery-item\"><figure><a href=\"https:\/\/www.sutw-kielce.pl\/wp-content\/uploads\/2022\/10\/Inauguracje-roku-Uniwersytetow-Trzeciego-Wieku2-1024x683-1.jpg\"><img loading=\"lazy\" decoding=\"async\" width=\"1024\" height=\"683\" src=\"https:\/\/www.sutw-kielce.pl\/wp-content\/uploads\/2022\/10\/Inauguracje-roku-Uniwersytetow-Trzeciego-Wieku2-1024x683-1.jpg\" alt=\"\" data-id=\"6860\" data-full-url=\"https:\/\/www.sutw-kielce.pl\/wp-content\/uploads\/2022\/10\/Inauguracje-roku-Uniwersytetow-Trzeciego-Wieku2-1024x683-1.jpg\" data-link=\"https:\/\/www.sutw-kielce.pl\/?attachment_id=6860\" class=\"wp-image-6860\" srcset=\"https:\/\/www.sutw-kielce.pl\/wp-content\/uploads\/2022\/10\/Inauguracje-roku-Uniwersytetow-Trzeciego-Wieku2-1024x683-1.jpg 1024w, https:\/\/www.sutw-kielce.pl\/wp-content\/uploads\/2022\/10\/Inauguracje-roku-Uniwersytetow-Trzeciego-Wieku2-1024x683-1-300x200.jpg 300w, https:\/\/www.sutw-kielce.pl\/wp-content\/uploads\/2022\/10\/Inauguracje-roku-Uniwersytetow-Trzeciego-Wieku2-1024x683-1-768x512.jpg 768w\" sizes=\"(max-width: 1024px) 100vw, 1024px\" \/><\/a><\/figure><\/li><li class=\"blocks-gallery-item\"><figure><a href=\"https:\/\/www.sutw-kielce.pl\/wp-content\/uploads\/2022\/10\/Inauguracje-roku-Uniwersytetow-Trzeciego-Wieku6-1024x627-1.jpg\"><img loading=\"lazy\" decoding=\"async\" width=\"1024\" height=\"627\" src=\"https:\/\/www.sutw-kielce.pl\/wp-content\/uploads\/2022\/10\/Inauguracje-roku-Uniwersytetow-Trzeciego-Wieku6-1024x627-1.jpg\" alt=\"\" data-id=\"6862\" data-full-url=\"https:\/\/www.sutw-kielce.pl\/wp-content\/uploads\/2022\/10\/Inauguracje-roku-Uniwersytetow-Trzeciego-Wieku6-1024x627-1.jpg\" data-link=\"https:\/\/www.sutw-kielce.pl\/?attachment_id=6862\" class=\"wp-image-6862\" srcset=\"https:\/\/www.sutw-kielce.pl\/wp-content\/uploads\/2022\/10\/Inauguracje-roku-Uniwersytetow-Trzeciego-Wieku6-1024x627-1.jpg 1024w, https:\/\/www.sutw-kielce.pl\/wp-content\/uploads\/2022\/10\/Inauguracje-roku-Uniwersytetow-Trzeciego-Wieku6-1024x627-1-300x184.jpg 300w, https:\/\/www.sutw-kielce.pl\/wp-content\/uploads\/2022\/10\/Inauguracje-roku-Uniwersytetow-Trzeciego-Wieku6-1024x627-1-768x470.jpg 768w\" sizes=\"(max-width: 1024px) 100vw, 1024px\" \/><\/a><\/figure><\/li><li class=\"blocks-gallery-item\"><figure><a href=\"https:\/\/www.sutw-kielce.pl\/wp-content\/uploads\/2022\/10\/Inauguracje-roku-Uniwersytetow-Trzeciego-Wieku8-1024x650-1.jpg\"><img loading=\"lazy\" decoding=\"async\" width=\"1024\" height=\"650\" src=\"https:\/\/www.sutw-kielce.pl\/wp-content\/uploads\/2022\/10\/Inauguracje-roku-Uniwersytetow-Trzeciego-Wieku8-1024x650-1.jpg\" alt=\"\" data-id=\"6863\" data-full-url=\"https:\/\/www.sutw-kielce.pl\/wp-content\/uploads\/2022\/10\/Inauguracje-roku-Uniwersytetow-Trzeciego-Wieku8-1024x650-1.jpg\" data-link=\"https:\/\/www.sutw-kielce.pl\/?attachment_id=6863\" class=\"wp-image-6863\" srcset=\"https:\/\/www.sutw-kielce.pl\/wp-content\/uploads\/2022\/10\/Inauguracje-roku-Uniwersytetow-Trzeciego-Wieku8-1024x650-1.jpg 1024w, https:\/\/www.sutw-kielce.pl\/wp-content\/uploads\/2022\/10\/Inauguracje-roku-Uniwersytetow-Trzeciego-Wieku8-1024x650-1-300x190.jpg 300w, https:\/\/www.sutw-kielce.pl\/wp-content\/uploads\/2022\/10\/Inauguracje-roku-Uniwersytetow-Trzeciego-Wieku8-1024x650-1-768x488.jpg 768w\" sizes=\"(max-width: 1024px) 100vw, 1024px\" \/><\/a><\/figure><\/li><li class=\"blocks-gallery-item\"><figure><a href=\"https:\/\/www.sutw-kielce.pl\/wp-content\/uploads\/2022\/10\/Inauguracje-roku-Uniwersytetow-Trzeciego-Wieku4-1024x622-1.jpg\"><img loading=\"lazy\" decoding=\"async\" width=\"1024\" height=\"622\" src=\"https:\/\/www.sutw-kielce.pl\/wp-content\/uploads\/2022\/10\/Inauguracje-roku-Uniwersytetow-Trzeciego-Wieku4-1024x622-1.jpg\" alt=\"\" data-id=\"6859\" data-full-url=\"https:\/\/www.sutw-kielce.pl\/wp-content\/uploads\/2022\/10\/Inauguracje-roku-Uniwersytetow-Trzeciego-Wieku4-1024x622-1.jpg\" data-link=\"https:\/\/www.sutw-kielce.pl\/?attachment_id=6859\" class=\"wp-image-6859\" srcset=\"https:\/\/www.sutw-kielce.pl\/wp-content\/uploads\/2022\/10\/Inauguracje-roku-Uniwersytetow-Trzeciego-Wieku4-1024x622-1.jpg 1024w, https:\/\/www.sutw-kielce.pl\/wp-content\/uploads\/2022\/10\/Inauguracje-roku-Uniwersytetow-Trzeciego-Wieku4-1024x622-1-300x182.jpg 300w, https:\/\/www.sutw-kielce.pl\/wp-content\/uploads\/2022\/10\/Inauguracje-roku-Uniwersytetow-Trzeciego-Wieku4-1024x622-1-768x467.jpg 768w\" sizes=\"(max-width: 1024px) 100vw, 1024px\" \/><\/a><\/figure><\/li><li class=\"blocks-gallery-item\"><figure><a href=\"https:\/\/www.sutw-kielce.pl\/wp-content\/uploads\/2022\/10\/Inauguracje-roku-Uniwersytetow-Trzeciego-Wieku7-1024x662-1.jpg\"><img loading=\"lazy\" decoding=\"async\" width=\"1024\" height=\"662\" src=\"https:\/\/www.sutw-kielce.pl\/wp-content\/uploads\/2022\/10\/Inauguracje-roku-Uniwersytetow-Trzeciego-Wieku7-1024x662-1.jpg\" alt=\"\" data-id=\"6858\" data-full-url=\"https:\/\/www.sutw-kielce.pl\/wp-content\/uploads\/2022\/10\/Inauguracje-roku-Uniwersytetow-Trzeciego-Wieku7-1024x662-1.jpg\" data-link=\"https:\/\/www.sutw-kielce.pl\/?attachment_id=6858\" class=\"wp-image-6858\" srcset=\"https:\/\/www.sutw-kielce.pl\/wp-content\/uploads\/2022\/10\/Inauguracje-roku-Uniwersytetow-Trzeciego-Wieku7-1024x662-1.jpg 1024w, https:\/\/www.sutw-kielce.pl\/wp-content\/uploads\/2022\/10\/Inauguracje-roku-Uniwersytetow-Trzeciego-Wieku7-1024x662-1-300x194.jpg 300w, https:\/\/www.sutw-kielce.pl\/wp-content\/uploads\/2022\/10\/Inauguracje-roku-Uniwersytetow-Trzeciego-Wieku7-1024x662-1-768x497.jpg 768w\" sizes=\"(max-width: 1024px) 100vw, 1024px\" \/><\/a><\/figure><\/li><li class=\"blocks-gallery-item\"><figure><a href=\"https:\/\/www.sutw-kielce.pl\/wp-content\/uploads\/2022\/10\/IMG_2659.jpg\"><img loading=\"lazy\" decoding=\"async\" width=\"640\" height=\"549\" src=\"https:\/\/www.sutw-kielce.pl\/wp-content\/uploads\/2022\/10\/IMG_2659.jpg\" alt=\"\" data-id=\"6849\" data-full-url=\"https:\/\/www.sutw-kielce.pl\/wp-content\/uploads\/2022\/10\/IMG_2659.jpg\" data-link=\"https:\/\/www.sutw-kielce.pl\/?attachment_id=6849\" class=\"wp-image-6849\" srcset=\"https:\/\/www.sutw-kielce.pl\/wp-content\/uploads\/2022\/10\/IMG_2659.jpg 640w, https:\/\/www.sutw-kielce.pl\/wp-content\/uploads\/2022\/10\/IMG_2659-300x257.jpg 300w\" sizes=\"(max-width: 640px) 100vw, 640px\" \/><\/a><\/figure><\/li><li class=\"blocks-gallery-item\"><figure><a href=\"https:\/\/www.sutw-kielce.pl\/wp-content\/uploads\/2022\/10\/DSC01109-scaled.jpg\"><img loading=\"lazy\" decoding=\"async\" width=\"1024\" height=\"768\" src=\"https:\/\/www.sutw-kielce.pl\/wp-content\/uploads\/2022\/10\/DSC01109-1024x768.jpg\" alt=\"\" data-id=\"6868\" data-full-url=\"https:\/\/www.sutw-kielce.pl\/wp-content\/uploads\/2022\/10\/DSC01109-scaled.jpg\" data-link=\"https:\/\/www.sutw-kielce.pl\/?attachment_id=6868\" class=\"wp-image-6868\" srcset=\"https:\/\/www.sutw-kielce.pl\/wp-content\/uploads\/2022\/10\/DSC01109-1024x768.jpg 1024w, https:\/\/www.sutw-kielce.pl\/wp-content\/uploads\/2022\/10\/DSC01109-300x225.jpg 300w, https:\/\/www.sutw-kielce.pl\/wp-content\/uploads\/2022\/10\/DSC01109-768x576.jpg 768w, https:\/\/www.sutw-kielce.pl\/wp-content\/uploads\/2022\/10\/DSC01109-1536x1152.jpg 1536w, https:\/\/www.sutw-kielce.pl\/wp-content\/uploads\/2022\/10\/DSC01109-2048x1536.jpg 2048w\" sizes=\"(max-width: 1024px) 100vw, 1024px\" \/><\/a><\/figure><\/li><li class=\"blocks-gallery-item\"><figure><a href=\"https:\/\/www.sutw-kielce.pl\/wp-content\/uploads\/2022\/10\/Inauguracje-roku-Uniwersytetow-Trzeciego-Wieku5-1024x683-1.jpg\"><img loading=\"lazy\" decoding=\"async\" width=\"1024\" height=\"683\" src=\"https:\/\/www.sutw-kielce.pl\/wp-content\/uploads\/2022\/10\/Inauguracje-roku-Uniwersytetow-Trzeciego-Wieku5-1024x683-1.jpg\" alt=\"\" data-id=\"6856\" data-full-url=\"https:\/\/www.sutw-kielce.pl\/wp-content\/uploads\/2022\/10\/Inauguracje-roku-Uniwersytetow-Trzeciego-Wieku5-1024x683-1.jpg\" data-link=\"https:\/\/www.sutw-kielce.pl\/?attachment_id=6856\" class=\"wp-image-6856\" srcset=\"https:\/\/www.sutw-kielce.pl\/wp-content\/uploads\/2022\/10\/Inauguracje-roku-Uniwersytetow-Trzeciego-Wieku5-1024x683-1.jpg 1024w, https:\/\/www.sutw-kielce.pl\/wp-content\/uploads\/2022\/10\/Inauguracje-roku-Uniwersytetow-Trzeciego-Wieku5-1024x683-1-300x200.jpg 300w, https:\/\/www.sutw-kielce.pl\/wp-content\/uploads\/2022\/10\/Inauguracje-roku-Uniwersytetow-Trzeciego-Wieku5-1024x683-1-768x512.jpg 768w\" sizes=\"(max-width: 1024px) 100vw, 1024px\" \/><\/a><\/figure><\/li><li class=\"blocks-gallery-item\"><figure><a href=\"https:\/\/www.sutw-kielce.pl\/wp-content\/uploads\/2022\/10\/IMG_2661.jpg\"><img loading=\"lazy\" decoding=\"async\" width=\"640\" height=\"480\" src=\"https:\/\/www.sutw-kielce.pl\/wp-content\/uploads\/2022\/10\/IMG_2661.jpg\" alt=\"\" data-id=\"6848\" data-full-url=\"https:\/\/www.sutw-kielce.pl\/wp-content\/uploads\/2022\/10\/IMG_2661.jpg\" data-link=\"https:\/\/www.sutw-kielce.pl\/?attachment_id=6848\" class=\"wp-image-6848\" srcset=\"https:\/\/www.sutw-kielce.pl\/wp-content\/uploads\/2022\/10\/IMG_2661.jpg 640w, https:\/\/www.sutw-kielce.pl\/wp-content\/uploads\/2022\/10\/IMG_2661-300x225.jpg 300w\" sizes=\"(max-width: 640px) 100vw, 640px\" \/><\/a><\/figure><\/li><li class=\"blocks-gallery-item\"><figure><a href=\"https:\/\/www.sutw-kielce.pl\/wp-content\/uploads\/2022\/10\/20221010_171954_Burst01-scaled.jpg\"><img loading=\"lazy\" decoding=\"async\" width=\"1024\" height=\"575\" src=\"https:\/\/www.sutw-kielce.pl\/wp-content\/uploads\/2022\/10\/20221010_171954_Burst01-1024x575.jpg\" alt=\"\" data-id=\"6851\" data-full-url=\"https:\/\/www.sutw-kielce.pl\/wp-content\/uploads\/2022\/10\/20221010_171954_Burst01-scaled.jpg\" data-link=\"https:\/\/www.sutw-kielce.pl\/?attachment_id=6851\" class=\"wp-image-6851\" srcset=\"https:\/\/www.sutw-kielce.pl\/wp-content\/uploads\/2022\/10\/20221010_171954_Burst01-1024x575.jpg 1024w, https:\/\/www.sutw-kielce.pl\/wp-content\/uploads\/2022\/10\/20221010_171954_Burst01-300x168.jpg 300w, https:\/\/www.sutw-kielce.pl\/wp-content\/uploads\/2022\/10\/20221010_171954_Burst01-768x431.jpg 768w, https:\/\/www.sutw-kielce.pl\/wp-content\/uploads\/2022\/10\/20221010_171954_Burst01-1536x863.jpg 1536w, https:\/\/www.sutw-kielce.pl\/wp-content\/uploads\/2022\/10\/20221010_171954_Burst01-2048x1150.jpg 2048w\" sizes=\"(max-width: 1024px) 100vw, 1024px\" \/><\/a><\/figure><\/li><li class=\"blocks-gallery-item\"><figure><a href=\"https:\/\/www.sutw-kielce.pl\/wp-content\/uploads\/2022\/10\/DSC01120-scaled.jpg\"><img loading=\"lazy\" decoding=\"async\" width=\"1024\" height=\"768\" src=\"https:\/\/www.sutw-kielce.pl\/wp-content\/uploads\/2022\/10\/DSC01120-1024x768.jpg\" alt=\"\" data-id=\"6865\" data-full-url=\"https:\/\/www.sutw-kielce.pl\/wp-content\/uploads\/2022\/10\/DSC01120-scaled.jpg\" data-link=\"https:\/\/www.sutw-kielce.pl\/?attachment_id=6865\" class=\"wp-image-6865\" srcset=\"https:\/\/www.sutw-kielce.pl\/wp-content\/uploads\/2022\/10\/DSC01120-1024x768.jpg 1024w, https:\/\/www.sutw-kielce.pl\/wp-content\/uploads\/2022\/10\/DSC01120-300x225.jpg 300w, https:\/\/www.sutw-kielce.pl\/wp-content\/uploads\/2022\/10\/DSC01120-768x576.jpg 768w, https:\/\/www.sutw-kielce.pl\/wp-content\/uploads\/2022\/10\/DSC01120-1536x1152.jpg 1536w, https:\/\/www.sutw-kielce.pl\/wp-content\/uploads\/2022\/10\/DSC01120-2048x1536.jpg 2048w\" sizes=\"(max-width: 1024px) 100vw, 1024px\" \/><\/a><\/figure><\/li><\/ul><\/figure>\n","protected":false},"excerpt":{"rendered":"<p>Uroczyste rozpocz\u0119cie nowego roku akademickiego w naszym UTW mia\u0142o miejsce w Woj. Domu Kultury w dniu 10.10.2022. W tym wa\u017cnym dla nas wydarzeniu wzi\u0119li udzia\u0142<a class=\"moretag\" href=\"https:\/\/www.sutw-kielce.pl\/?p=6847\"> [&#8230;]<\/a><\/p>\n","protected":false},"author":5,"featured_media":6854,"comment_status":"closed","ping_status":"open","sticky":false,"template":"","format":"standard","meta":{"_bbp_topic_count":0,"_bbp_reply_count":0,"_bbp_total_topic_count":0,"_bbp_total_reply_count":0,"_bbp_voice_count":0,"_bbp_anonymous_reply_count":0,"_bbp_topic_count_hidden":0,"_bbp_reply_count_hidden":0,"_bbp_forum_subforum_count":0,"footnotes":""},"categories":[5],"tags":[],"_links":{"self":[{"href":"https:\/\/www.sutw-kielce.pl\/index.php?rest_route=\/wp\/v2\/posts\/6847"}],"collection":[{"href":"https:\/\/www.sutw-kielce.pl\/index.php?rest_route=\/wp\/v2\/posts"}],"about":[{"href":"https:\/\/www.sutw-kielce.pl\/index.php?rest_route=\/wp\/v2\/types\/post"}],"author":[{"embeddable":true,"href":"https:\/\/www.sutw-kielce.pl\/index.php?rest_route=\/wp\/v2\/users\/5"}],"replies":[{"embeddable":true,"href":"https:\/\/www.sutw-kielce.pl\/index.php?rest_route=%2Fwp%2Fv2%2Fcomments&post=6847"}],"version-history":[{"count":8,"href":"https:\/\/www.sutw-kielce.pl\/index.php?rest_route=\/wp\/v2\/posts\/6847\/revisions"}],"predecessor-version":[{"id":6879,"href":"https:\/\/www.sutw-kielce.pl\/index.php?rest_route=\/wp\/v2\/posts\/6847\/revisions\/6879"}],"wp:featuredmedia":[{"embeddable":true,"href":"https:\/\/www.sutw-kielce.pl\/index.php?rest_route=\/wp\/v2\/media\/6854"}],"wp:attachment":[{"href":"https:\/\/www.sutw-kielce.pl\/index.php?rest_route=%2Fwp%2Fv2%2Fmedia&parent=6847"}],"wp:term":[{"taxonomy":"category","embeddable":true,"href":"https:\/\/www.sutw-kielce.pl\/index.php?rest_route=%2Fwp%2Fv2%2Fcategories&post=6847"},{"taxonomy":"post_tag","embeddable":true,"href":"https:\/\/www.sutw-kielce.pl\/index.php?rest_route=%2Fwp%2Fv2%2Ftags&post=6847"}],"curies":[{"name":"wp","href":"https:\/\/api.w.org\/{rel}","templated":true}]}}