{"id":3939,"date":"2020-02-17T09:22:44","date_gmt":"2020-02-17T08:22:44","guid":{"rendered":"https:\/\/www.sutw-kielce.pl\/?p=3939"},"modified":"2022-03-21T12:33:37","modified_gmt":"2022-03-21T11:33:37","slug":"pamietnik-ks-teodora-czerwinskiego","status":"publish","type":"post","link":"https:\/\/www.sutw-kielce.pl\/?p=3939","title":{"rendered":"&#8220;Pami\u0119tnik&#8221; ks. Teodora Czerwi\u0144skiego."},"content":{"rendered":"\n<p>Ksi\u0105dz Teodor Czerwi\u0144ski ( 1841 \u2013 1932)<\/p>\n\n\n\n<p>Posta\u0107 ksi\u0119dza Teodora Czerwi\u0144skiego, katechety kieleckiego,\nby\u0142a tematem opowie\u015bci ks. dra Andrzeja Kwa\u015bniewskiego na spotkaniu w dniu 15\nlutego 2020r.<\/p>\n\n\n\n<p>Ksi\u0105dz Czerwi\u0144ski, jak pokazuj\u0105 zachowane fotografie, by\u0142 wysokim\nm\u0119\u017cczyzn\u0105, barczystym , silnym, apodyktycznym. Urodzi\u0142 si\u0119 w 1841r w \u0106mielowie\nw rodzinie robotnika w Fabryce Fajans\u00f3w, \u015bredni\u0105 szko\u0142\u0119 &nbsp;uko\u0144czy\u0142&nbsp;\nw Sandomierzu, kr\u00f3tki okres czasu &nbsp;przebywa\u0142 w Zgromadzeniu\nFilipin\u00f3w, w 1860r. zosta\u0142 absolwentem Seminarium Duchownego w Kielcach,\np\u00f3\u017aniej Akademii Teologicznej w Warszawie. W 1867r otrzyma\u0142 \u015bwi\u0119cenia\nkap\u0142a\u0144skie i podj\u0105\u0142 prac\u0119 jako katecheta w Rz\u0105dowym M\u0119skim Gimnazjum w Kielcach\n(obecnie Liceum im, Stefana \u017beromskiego). W 1889r. po zwolnieniu ze szko\u0142y zosta\u0142\nproboszczem w Skalbmierzu i w Ch\u0119cinach (1910 \u2013 1930), przeszed\u0142 na emerytur\u0119,\nzamieszka\u0142 w Domu Ksi\u0119\u017cy Emeryt\u00f3w w Kielcach, po \u015bmierci w 1932r pochowany na\nCmentarzu Nowym w Kielcach..<\/p>\n\n\n\n<p>Podczas swej pracy w szkole spotka\u0142 si\u0119 z uczniem Stefanem \u017beromskim, kt\u00f3ry go opisa\u0142 w \u201eSyzyfowych pracach\u201d jako ks. Wargulskiego. W gimnazjum obowi\u0105zywa\u0142 j\u0119zyk rosyjski, ale ks. Czerwi\u0144ski wyk\u0142ada\u0142 po polsku i podczas licznych \u201egal\u00f3wek\u201d po\u015bwi\u0119conych carowi i jego rodzinie r\u00f3wnie\u017c kaza\u0142 uczniom modli\u0107 si\u0119 po polsku, co spotka\u0142o si\u0119 z szykanami ze strony Rosjan. <\/p>\n\n\n\n<p>Z \u017beromskim ksi\u0105dz Czerwi\u0144ski utrzymywa\u0142 sporadyczne\nkontakty, ale wychowawca nie m\u00f3g\u0142 mu wybaczy\u0107 przej\u015bcia na kalwinizm. W 1926r.\npope\u0142ni\u0142 broszur\u0119 \u201eDooko\u0142a sprawy Stefana \u017beromskiego\u201d. Rozpami\u0119tywa\u0142 tu ewentualny\nsw\u00f3j wp\u0142yw na zachowanie \u017beromskiego, jego religijno\u015b\u0107. Bardzo nad tym faktem\nubolewa\u0142.<\/p>\n\n\n\n<p>Innym dzie\u0142em Czerwi\u0144skiego by\u0142y \u201ePami\u0119tniki\u201d wydane w 1931r.\nw Kielcach w 2-ch tomach. Pierwsza cz\u0119\u015b\u0107 opisywa\u0142a \u017cycie autora w domu\nrodzinnym, kt\u00f3ry ten okres wywar\u0142 du\u017cy wp\u0142yw na dalsze jego \u017cycie. By\u0142y to\ntakie wydarzenia jak \u015bmier\u0107 siostry, przemarsz wojsk rosyjskich na W\u0119gry\npodczas Wiosny Lud\u00f3w, pobyt w Seminarium Duchownym. Tu spotka\u0142 si\u0119 ze\nstudentami, kt\u00f3rzy p\u00f3\u017aniej odegrali du\u017ce znaczenie w \u017cyciu religijnym Polski i\nw zachowaniu polsko\u015bci. Druga cz\u0119\u015b\u0107 pami\u0119tnika to rozwa\u017cania na temat\nwychowania m\u0142odzie\u017cy. Pami\u0119tniki s\u0105 zachowane i pokazuj\u0105 \u00f3wczesne wychowywanie\nm\u0142odzie\u017cy.<\/p>\n\n\n\n<p>Prelekcja by\u0142a ciekawa, p\u00f3\u017aniej rozwin\u0119\u0142a si\u0119 dyskusja\ndotycz\u0105ca tego zagadnienia.<\/p>\n\n\n\n<p>Serdecznie dzi\u0119kujemy ksi\u0119dzu Andrzejowi jak r\u00f3wnie\u017c Ani\nLachnik za interesuj\u0105ce zdj\u0119cia.<\/p>\n\n\n\n<p>W skr\u00f3cie opisa\u0142a Bogda Matachowska<\/p>\n\n\n\n<figure class=\"wp-block-gallery columns-3 is-cropped wp-block-gallery-1 is-layout-flex wp-block-gallery-is-layout-flex\"><ul class=\"blocks-gallery-grid\"><li class=\"blocks-gallery-item\"><figure><a href=\"https:\/\/www.sutw-kielce.pl\/wp-content\/uploads\/2020\/02\/015.jpg\"><img loading=\"lazy\" decoding=\"async\" width=\"1024\" height=\"768\" src=\"https:\/\/www.sutw-kielce.pl\/wp-content\/uploads\/2020\/02\/015.jpg\" alt=\"\" data-id=\"3932\" data-full-url=\"https:\/\/www.sutw-kielce.pl\/wp-content\/uploads\/2020\/02\/015.jpg\" data-link=\"https:\/\/www.sutw-kielce.pl\/?attachment_id=3932\" class=\"wp-image-3932\" srcset=\"https:\/\/www.sutw-kielce.pl\/wp-content\/uploads\/2020\/02\/015.jpg 1024w, https:\/\/www.sutw-kielce.pl\/wp-content\/uploads\/2020\/02\/015-300x225.jpg 300w, https:\/\/www.sutw-kielce.pl\/wp-content\/uploads\/2020\/02\/015-768x576.jpg 768w\" sizes=\"(max-width: 1024px) 100vw, 1024px\" \/><\/a><\/figure><\/li><li class=\"blocks-gallery-item\"><figure><a href=\"https:\/\/www.sutw-kielce.pl\/wp-content\/uploads\/2020\/02\/035.jpg\"><img loading=\"lazy\" decoding=\"async\" width=\"852\" height=\"768\" src=\"https:\/\/www.sutw-kielce.pl\/wp-content\/uploads\/2020\/02\/035.jpg\" alt=\"\" data-id=\"3935\" data-full-url=\"https:\/\/www.sutw-kielce.pl\/wp-content\/uploads\/2020\/02\/035.jpg\" data-link=\"https:\/\/www.sutw-kielce.pl\/?attachment_id=3935\" class=\"wp-image-3935\" srcset=\"https:\/\/www.sutw-kielce.pl\/wp-content\/uploads\/2020\/02\/035.jpg 852w, https:\/\/www.sutw-kielce.pl\/wp-content\/uploads\/2020\/02\/035-300x270.jpg 300w, https:\/\/www.sutw-kielce.pl\/wp-content\/uploads\/2020\/02\/035-768x692.jpg 768w\" sizes=\"(max-width: 852px) 100vw, 852px\" \/><\/a><\/figure><\/li><li class=\"blocks-gallery-item\"><figure><a href=\"https:\/\/www.sutw-kielce.pl\/wp-content\/uploads\/2020\/02\/027.jpg\"><img loading=\"lazy\" decoding=\"async\" width=\"1024\" height=\"768\" src=\"https:\/\/www.sutw-kielce.pl\/wp-content\/uploads\/2020\/02\/027.jpg\" alt=\"\" data-id=\"3933\" data-full-url=\"https:\/\/www.sutw-kielce.pl\/wp-content\/uploads\/2020\/02\/027.jpg\" data-link=\"https:\/\/www.sutw-kielce.pl\/?attachment_id=3933\" class=\"wp-image-3933\" srcset=\"https:\/\/www.sutw-kielce.pl\/wp-content\/uploads\/2020\/02\/027.jpg 1024w, https:\/\/www.sutw-kielce.pl\/wp-content\/uploads\/2020\/02\/027-300x225.jpg 300w, https:\/\/www.sutw-kielce.pl\/wp-content\/uploads\/2020\/02\/027-768x576.jpg 768w\" sizes=\"(max-width: 1024px) 100vw, 1024px\" \/><\/a><\/figure><\/li><li class=\"blocks-gallery-item\"><figure><a href=\"https:\/\/www.sutw-kielce.pl\/wp-content\/uploads\/2020\/02\/013.jpg\"><img loading=\"lazy\" decoding=\"async\" width=\"1024\" height=\"768\" src=\"https:\/\/www.sutw-kielce.pl\/wp-content\/uploads\/2020\/02\/013.jpg\" alt=\"\" data-id=\"3937\" data-full-url=\"https:\/\/www.sutw-kielce.pl\/wp-content\/uploads\/2020\/02\/013.jpg\" data-link=\"https:\/\/www.sutw-kielce.pl\/?attachment_id=3937\" class=\"wp-image-3937\" srcset=\"https:\/\/www.sutw-kielce.pl\/wp-content\/uploads\/2020\/02\/013.jpg 1024w, https:\/\/www.sutw-kielce.pl\/wp-content\/uploads\/2020\/02\/013-300x225.jpg 300w, https:\/\/www.sutw-kielce.pl\/wp-content\/uploads\/2020\/02\/013-768x576.jpg 768w\" sizes=\"(max-width: 1024px) 100vw, 1024px\" \/><\/a><\/figure><\/li><li class=\"blocks-gallery-item\"><figure><a href=\"https:\/\/www.sutw-kielce.pl\/wp-content\/uploads\/2020\/02\/029.jpg\"><img loading=\"lazy\" decoding=\"async\" width=\"887\" height=\"598\" src=\"https:\/\/www.sutw-kielce.pl\/wp-content\/uploads\/2020\/02\/029.jpg\" alt=\"\" data-id=\"3938\" data-full-url=\"https:\/\/www.sutw-kielce.pl\/wp-content\/uploads\/2020\/02\/029.jpg\" data-link=\"https:\/\/www.sutw-kielce.pl\/?attachment_id=3938\" class=\"wp-image-3938\" srcset=\"https:\/\/www.sutw-kielce.pl\/wp-content\/uploads\/2020\/02\/029.jpg 887w, https:\/\/www.sutw-kielce.pl\/wp-content\/uploads\/2020\/02\/029-300x202.jpg 300w, https:\/\/www.sutw-kielce.pl\/wp-content\/uploads\/2020\/02\/029-768x518.jpg 768w\" sizes=\"(max-width: 887px) 100vw, 887px\" \/><\/a><\/figure><\/li><li class=\"blocks-gallery-item\"><figure><a href=\"https:\/\/www.sutw-kielce.pl\/wp-content\/uploads\/2020\/02\/041.jpg\"><img loading=\"lazy\" decoding=\"async\" width=\"1024\" height=\"768\" src=\"https:\/\/www.sutw-kielce.pl\/wp-content\/uploads\/2020\/02\/041.jpg\" alt=\"\" data-id=\"3936\" data-full-url=\"https:\/\/www.sutw-kielce.pl\/wp-content\/uploads\/2020\/02\/041.jpg\" data-link=\"https:\/\/www.sutw-kielce.pl\/?attachment_id=3936\" class=\"wp-image-3936\" srcset=\"https:\/\/www.sutw-kielce.pl\/wp-content\/uploads\/2020\/02\/041.jpg 1024w, https:\/\/www.sutw-kielce.pl\/wp-content\/uploads\/2020\/02\/041-300x225.jpg 300w, https:\/\/www.sutw-kielce.pl\/wp-content\/uploads\/2020\/02\/041-768x576.jpg 768w\" sizes=\"(max-width: 1024px) 100vw, 1024px\" \/><\/a><\/figure><\/li><\/ul><\/figure>\n\n\n\n<p><\/p>\n\n\n\n<p><\/p>\n\n\n\n<figure class=\"wp-block-gallery columns-0 is-cropped wp-block-gallery-2 is-layout-flex wp-block-gallery-is-layout-flex\"><ul class=\"blocks-gallery-grid\"><\/ul><\/figure>\n","protected":false},"excerpt":{"rendered":"<p>Ksi\u0105dz Teodor Czerwi\u0144ski ( 1841 \u2013 1932) Posta\u0107 ksi\u0119dza Teodora Czerwi\u0144skiego, katechety kieleckiego, by\u0142a tematem opowie\u015bci ks. dra Andrzeja Kwa\u015bniewskiego na spotkaniu w dniu 15<a class=\"moretag\" href=\"https:\/\/www.sutw-kielce.pl\/?p=3939\"> [&#8230;]<\/a><\/p>\n","protected":false},"author":6,"featured_media":3935,"comment_status":"open","ping_status":"open","sticky":false,"template":"","format":"standard","meta":{"_bbp_topic_count":0,"_bbp_reply_count":0,"_bbp_total_topic_count":0,"_bbp_total_reply_count":0,"_bbp_voice_count":0,"_bbp_anonymous_reply_count":0,"_bbp_topic_count_hidden":0,"_bbp_reply_count_hidden":0,"_bbp_forum_subforum_count":0,"footnotes":""},"categories":[10],"tags":[],"_links":{"self":[{"href":"https:\/\/www.sutw-kielce.pl\/index.php?rest_route=\/wp\/v2\/posts\/3939"}],"collection":[{"href":"https:\/\/www.sutw-kielce.pl\/index.php?rest_route=\/wp\/v2\/posts"}],"about":[{"href":"https:\/\/www.sutw-kielce.pl\/index.php?rest_route=\/wp\/v2\/types\/post"}],"author":[{"embeddable":true,"href":"https:\/\/www.sutw-kielce.pl\/index.php?rest_route=\/wp\/v2\/users\/6"}],"replies":[{"embeddable":true,"href":"https:\/\/www.sutw-kielce.pl\/index.php?rest_route=%2Fwp%2Fv2%2Fcomments&post=3939"}],"version-history":[{"count":6,"href":"https:\/\/www.sutw-kielce.pl\/index.php?rest_route=\/wp\/v2\/posts\/3939\/revisions"}],"predecessor-version":[{"id":6136,"href":"https:\/\/www.sutw-kielce.pl\/index.php?rest_route=\/wp\/v2\/posts\/3939\/revisions\/6136"}],"wp:featuredmedia":[{"embeddable":true,"href":"https:\/\/www.sutw-kielce.pl\/index.php?rest_route=\/wp\/v2\/media\/3935"}],"wp:attachment":[{"href":"https:\/\/www.sutw-kielce.pl\/index.php?rest_route=%2Fwp%2Fv2%2Fmedia&parent=3939"}],"wp:term":[{"taxonomy":"category","embeddable":true,"href":"https:\/\/www.sutw-kielce.pl\/index.php?rest_route=%2Fwp%2Fv2%2Fcategories&post=3939"},{"taxonomy":"post_tag","embeddable":true,"href":"https:\/\/www.sutw-kielce.pl\/index.php?rest_route=%2Fwp%2Fv2%2Ftags&post=3939"}],"curies":[{"name":"wp","href":"https:\/\/api.w.org\/{rel}","templated":true}]}}