{"id":3729,"date":"2020-01-20T12:52:40","date_gmt":"2020-01-20T11:52:40","guid":{"rendered":"https:\/\/www.sutw-kielce.pl\/?p=3729"},"modified":"2020-01-20T12:52:41","modified_gmt":"2020-01-20T11:52:41","slug":"wzgorze-katedralne-w-kielcach-kolegiata","status":"publish","type":"post","link":"https:\/\/www.sutw-kielce.pl\/?p=3729","title":{"rendered":"Wzg\u00f3rze katedralne w Kielcach. Kolegiata"},"content":{"rendered":"\n<p>W dniu 18 stycznia 2020r. p. Krzysztof My\u015bli\u0144ski przedstawi\u0142 licznie zgromadzonym s\u0142uchaczom dzieje Kielc od 12 wieku.<\/p>\n\n\n\n<p> Ju\u017c sta\u0142 ko\u015bci\u00f3\u0142 \u015bw. Wojciecha, a w odleg\u0142o\u015bci ok.1,2 km na Wzg\u00f3rzu Zamkowym (280m npm)\u00a0 biskup\u00a0 Gedeon w 1171r.\u00a0 postawi\u0142 nowy ko\u015bci\u00f3\u0142 \u00a0z kamienia ciosowego. \u00a0jako o\u015brodek krzewienia wiary katolickiej i o\u015brodek administracyjny. <\/p>\n\n\n\n<p>\u015awi\u0105tyni\u0119 zlokalizowano na wzg\u00f3rzu wybieraj\u0105c miejsce jako obronne. St\u0105d mury obronne, baszty i inne tego typu elementy. Ko\u015bci\u00f3\u0142 by\u0142 pod wezwaniem\u00a0 Wniebowzi\u0119cia Naj\u015bwi\u0119tszej Marii Panny, zbudowany w stylu roma\u0144skim, p\u00f3\u017aniej \u00a0w XVI w przerobiony \u00a0w stylu renesansowym. Biskup Gedeon za\u0142o\u017cy\u0142 miasto Kielce, kt\u00f3re si\u0119gn\u0119\u0142o Wzg\u00f3rza.<\/p>\n\n\n\n<p>&nbsp;W kolejnych\nlatach dobudowano zakrystie, przed\u0142u\u017cono korpus ko\u015bcio\u0142a, nawy boczne,\nprezbiterium. Du\u017ce zas\u0142ugi w rozwoju kolegiaty i jej \u015bwietno\u015bci po\u0142o\u017cyli\nbiskupi Andrzej Zebrzydowski, Kajetan So\u0142tyk, Konstanty Szaniawski, Jakub\nZadzik, Andrzej Za\u0142uski i inni.<\/p>\n\n\n\n<p>Wn\u0119trze katedry (w 1805r. zostaje powo\u0142ana diecezja\nkielecka)&nbsp; to wczesny barok.&nbsp; Od 1728r. w o\u0142tarzu g\u0142\u00f3wnym znajduje si\u0119\nobraz Szymona Czechowicza Wniebowzi\u0119cia N.M.P., obraz 17-wieczny Matki Boskiej\n\u0141askawej Kieleckiej, rze\u017aba z 1646r. Matki Boskiej z Dzieci\u0105tkiem (wykuta z\njednej bry\u0142y galeny z Karcz\u00f3wki), 14 barokowych o\u0142tarzy, ozdobne stalle, ch\u00f3r, organy,\nliczne malowid\u0142a i du\u017co innych obiekt\u00f3w o du\u017cej warto\u015bci artystycznej i\nzabytkowej. Do nich nale\u017cy zaliczy\u0107 epitafium z czerwonego marmuru po\u015bwi\u0119cone\npami\u0119ci El\u017cbiety z Krzyckich Zebrzydowskiej i tablice przypominaj\u0105ce zas\u0142ugi\nbiskup\u00f3w. W II po\u0142owie XX w wn\u0119trze zosta\u0142o starannie odnowione.<\/p>\n\n\n\n<p>Wzg\u00f3rze Zamkowe \u2013 centrum osadnictwa zwi\u0105zanego z\nkultem religijnym, siedziba kanonik\u00f3w (13) ci\u0105gle si\u0119 powi\u0119ksza\u0142o o nowe\nzabudowania. By\u0142y zabudowania gospodarcze (spichlerze, stajnie, wozownie,\nku\u017ania, browar, magazyn solny) dom pisarza, dom praczki, dom starosty i przede\nwszystkim pa\u0142ac biskupi. Ponadto na Wzg\u00f3rzu znajdowa\u0142y si\u0119 ogrody warzywne,\nsady, staw, park. Na placu wok\u00f3\u0142 katedry sta\u0142a dzwonnica (od XVI w drewniana a\nod 1657r. murowana ), zegary za\u0142o\u017cono w1727r, ogr\u00f3jec, ponadto plac \u2013 cmentarz\nzosta\u0142 ogrodzony a grzebano tam ludzi do 1870r. Na dzwonnicy w 1912r.\nods\u0142oni\u0119to p\u0142yt\u0119 po\u015bwi\u0119con\u0105 pami\u0119ci Tadeusza Ko\u015bciuszki. Wzg\u00f3rze \u017cyje do dnia dzisiejszego\ni dawne budowle s\u0105 wykorzystywane wsp\u00f3\u0142cze\u015bnie jako muzeum, o\u015brodki kulturalne\ni inne. <\/p>\n\n\n\n<p>Obok katedry znajdowa\u0142y si\u0119 inne budynki jak\nSeminarium Duchowne (1724r.), Muzeum Diecezjalne, Wikariat (1728), Ko\u015bci\u00f3\u0142 \u015bw.\nTr\u00f3jcy (1644r), Skarbczyk. S\u0105 tu cenne zabytki jak&nbsp;&nbsp;&nbsp; monstrancje, ornaty ozdobne, ksi\u0119gi mszalne\nr\u0119cznie pisane i wiele innych przedmiot\u00f3w. Dobra biskupie si\u0119ga\u0142y a\u017c po\nSilnic\u0119.<\/p>\n\n\n\n<p>Prelekcja wzbudzi\u0142a du\u017ce zainteresowanie, by\u0142a\nciekawa a pan Krzysztof barwnie opowiada\u0142 o losach poszczeg\u00f3lnych obiekt\u00f3w,\npokazywa\u0142 je na slajdach \u2013 serdecznie dzi\u0119kujemy. Ryszard <\/p>\n\n\n\n<p>Ryszard Misiorek zrobi\u0142 par\u0119 fotek&nbsp; (Dzi\u0119kujemy) a ja troch\u0119 stre\u015bci\u0142am.<\/p>\n\n\n\n<p class=\"has-text-align-center\">Bogda Matachowska<\/p>\n\n\n\n<figure class=\"wp-block-gallery columns-3 is-cropped wp-block-gallery-1 is-layout-flex wp-block-gallery-is-layout-flex\"><ul class=\"blocks-gallery-grid\"><li class=\"blocks-gallery-item\"><figure><a href=\"https:\/\/www.sutw-kielce.pl\/wp-content\/uploads\/2020\/01\/DSC03767.jpg\"><img loading=\"lazy\" decoding=\"async\" width=\"1024\" height=\"760\" src=\"https:\/\/www.sutw-kielce.pl\/wp-content\/uploads\/2020\/01\/DSC03767-1024x760.jpg\" alt=\"\" data-id=\"3723\" data-full-url=\"https:\/\/www.sutw-kielce.pl\/wp-content\/uploads\/2020\/01\/DSC03767.jpg\" data-link=\"https:\/\/www.sutw-kielce.pl\/?attachment_id=3723\" class=\"wp-image-3723\" srcset=\"https:\/\/www.sutw-kielce.pl\/wp-content\/uploads\/2020\/01\/DSC03767-1024x760.jpg 1024w, https:\/\/www.sutw-kielce.pl\/wp-content\/uploads\/2020\/01\/DSC03767-300x223.jpg 300w, https:\/\/www.sutw-kielce.pl\/wp-content\/uploads\/2020\/01\/DSC03767-768x570.jpg 768w, https:\/\/www.sutw-kielce.pl\/wp-content\/uploads\/2020\/01\/DSC03767-1536x1139.jpg 1536w, https:\/\/www.sutw-kielce.pl\/wp-content\/uploads\/2020\/01\/DSC03767-2048x1519.jpg 2048w\" sizes=\"(max-width: 1024px) 100vw, 1024px\" \/><\/a><\/figure><\/li><li class=\"blocks-gallery-item\"><figure><a href=\"https:\/\/www.sutw-kielce.pl\/wp-content\/uploads\/2020\/01\/DSC03771.jpg\"><img loading=\"lazy\" decoding=\"async\" width=\"985\" height=\"530\" src=\"https:\/\/www.sutw-kielce.pl\/wp-content\/uploads\/2020\/01\/DSC03771.jpg\" alt=\"\" data-id=\"3724\" data-full-url=\"https:\/\/www.sutw-kielce.pl\/wp-content\/uploads\/2020\/01\/DSC03771.jpg\" data-link=\"https:\/\/www.sutw-kielce.pl\/?attachment_id=3724\" class=\"wp-image-3724\" srcset=\"https:\/\/www.sutw-kielce.pl\/wp-content\/uploads\/2020\/01\/DSC03771.jpg 985w, https:\/\/www.sutw-kielce.pl\/wp-content\/uploads\/2020\/01\/DSC03771-300x161.jpg 300w, https:\/\/www.sutw-kielce.pl\/wp-content\/uploads\/2020\/01\/DSC03771-768x413.jpg 768w\" sizes=\"(max-width: 985px) 100vw, 985px\" \/><\/a><\/figure><\/li><li class=\"blocks-gallery-item\"><figure><a href=\"https:\/\/www.sutw-kielce.pl\/wp-content\/uploads\/2020\/01\/DSC03773.jpg\"><img loading=\"lazy\" decoding=\"async\" width=\"838\" height=\"601\" src=\"https:\/\/www.sutw-kielce.pl\/wp-content\/uploads\/2020\/01\/DSC03773.jpg\" alt=\"\" data-id=\"3725\" data-full-url=\"https:\/\/www.sutw-kielce.pl\/wp-content\/uploads\/2020\/01\/DSC03773.jpg\" data-link=\"https:\/\/www.sutw-kielce.pl\/?attachment_id=3725\" class=\"wp-image-3725\" srcset=\"https:\/\/www.sutw-kielce.pl\/wp-content\/uploads\/2020\/01\/DSC03773.jpg 838w, https:\/\/www.sutw-kielce.pl\/wp-content\/uploads\/2020\/01\/DSC03773-300x215.jpg 300w, https:\/\/www.sutw-kielce.pl\/wp-content\/uploads\/2020\/01\/DSC03773-768x551.jpg 768w, https:\/\/www.sutw-kielce.pl\/wp-content\/uploads\/2020\/01\/DSC03773-120x85.jpg 120w\" sizes=\"(max-width: 838px) 100vw, 838px\" \/><\/a><\/figure><\/li><li class=\"blocks-gallery-item\"><figure><a href=\"https:\/\/www.sutw-kielce.pl\/wp-content\/uploads\/2020\/01\/DSC03774.jpg\"><img loading=\"lazy\" decoding=\"async\" width=\"1024\" height=\"768\" src=\"https:\/\/www.sutw-kielce.pl\/wp-content\/uploads\/2020\/01\/DSC03774.jpg\" alt=\"\" data-id=\"3726\" data-full-url=\"https:\/\/www.sutw-kielce.pl\/wp-content\/uploads\/2020\/01\/DSC03774.jpg\" data-link=\"https:\/\/www.sutw-kielce.pl\/?attachment_id=3726\" class=\"wp-image-3726\" srcset=\"https:\/\/www.sutw-kielce.pl\/wp-content\/uploads\/2020\/01\/DSC03774.jpg 1024w, https:\/\/www.sutw-kielce.pl\/wp-content\/uploads\/2020\/01\/DSC03774-300x225.jpg 300w, https:\/\/www.sutw-kielce.pl\/wp-content\/uploads\/2020\/01\/DSC03774-768x576.jpg 768w\" sizes=\"(max-width: 1024px) 100vw, 1024px\" \/><\/a><\/figure><\/li><li class=\"blocks-gallery-item\"><figure><a href=\"https:\/\/www.sutw-kielce.pl\/wp-content\/uploads\/2020\/01\/DSC03765.jpg\"><img loading=\"lazy\" decoding=\"async\" width=\"1024\" height=\"768\" src=\"https:\/\/www.sutw-kielce.pl\/wp-content\/uploads\/2020\/01\/DSC03765.jpg\" alt=\"\" data-id=\"3727\" data-full-url=\"https:\/\/www.sutw-kielce.pl\/wp-content\/uploads\/2020\/01\/DSC03765.jpg\" data-link=\"https:\/\/www.sutw-kielce.pl\/?attachment_id=3727\" class=\"wp-image-3727\" srcset=\"https:\/\/www.sutw-kielce.pl\/wp-content\/uploads\/2020\/01\/DSC03765.jpg 1024w, https:\/\/www.sutw-kielce.pl\/wp-content\/uploads\/2020\/01\/DSC03765-300x225.jpg 300w, https:\/\/www.sutw-kielce.pl\/wp-content\/uploads\/2020\/01\/DSC03765-768x576.jpg 768w\" sizes=\"(max-width: 1024px) 100vw, 1024px\" \/><\/a><\/figure><\/li><li class=\"blocks-gallery-item\"><figure><a href=\"https:\/\/www.sutw-kielce.pl\/wp-content\/uploads\/2020\/01\/DSC03766.jpg\"><img loading=\"lazy\" decoding=\"async\" width=\"1024\" height=\"768\" src=\"https:\/\/www.sutw-kielce.pl\/wp-content\/uploads\/2020\/01\/DSC03766.jpg\" alt=\"\" data-id=\"3728\" data-full-url=\"https:\/\/www.sutw-kielce.pl\/wp-content\/uploads\/2020\/01\/DSC03766.jpg\" data-link=\"https:\/\/www.sutw-kielce.pl\/?attachment_id=3728\" class=\"wp-image-3728\" srcset=\"https:\/\/www.sutw-kielce.pl\/wp-content\/uploads\/2020\/01\/DSC03766.jpg 1024w, https:\/\/www.sutw-kielce.pl\/wp-content\/uploads\/2020\/01\/DSC03766-300x225.jpg 300w, https:\/\/www.sutw-kielce.pl\/wp-content\/uploads\/2020\/01\/DSC03766-768x576.jpg 768w\" sizes=\"(max-width: 1024px) 100vw, 1024px\" \/><\/a><\/figure><\/li><\/ul><\/figure>\n\n\n\n<p><\/p>\n","protected":false},"excerpt":{"rendered":"<p>W dniu 18 stycznia 2020r. p. Krzysztof My\u015bli\u0144ski przedstawi\u0142 licznie zgromadzonym s\u0142uchaczom dzieje Kielc od 12 wieku. Ju\u017c sta\u0142 ko\u015bci\u00f3\u0142 \u015bw. Wojciecha, a w odleg\u0142o\u015bci<a class=\"moretag\" href=\"https:\/\/www.sutw-kielce.pl\/?p=3729\"> [&#8230;]<\/a><\/p>\n","protected":false},"author":6,"featured_media":3722,"comment_status":"open","ping_status":"open","sticky":false,"template":"","format":"standard","meta":{"_bbp_topic_count":0,"_bbp_reply_count":0,"_bbp_total_topic_count":0,"_bbp_total_reply_count":0,"_bbp_voice_count":0,"_bbp_anonymous_reply_count":0,"_bbp_topic_count_hidden":0,"_bbp_reply_count_hidden":0,"_bbp_forum_subforum_count":0,"footnotes":""},"categories":[10],"tags":[],"_links":{"self":[{"href":"https:\/\/www.sutw-kielce.pl\/index.php?rest_route=\/wp\/v2\/posts\/3729"}],"collection":[{"href":"https:\/\/www.sutw-kielce.pl\/index.php?rest_route=\/wp\/v2\/posts"}],"about":[{"href":"https:\/\/www.sutw-kielce.pl\/index.php?rest_route=\/wp\/v2\/types\/post"}],"author":[{"embeddable":true,"href":"https:\/\/www.sutw-kielce.pl\/index.php?rest_route=\/wp\/v2\/users\/6"}],"replies":[{"embeddable":true,"href":"https:\/\/www.sutw-kielce.pl\/index.php?rest_route=%2Fwp%2Fv2%2Fcomments&post=3729"}],"version-history":[{"count":1,"href":"https:\/\/www.sutw-kielce.pl\/index.php?rest_route=\/wp\/v2\/posts\/3729\/revisions"}],"predecessor-version":[{"id":3730,"href":"https:\/\/www.sutw-kielce.pl\/index.php?rest_route=\/wp\/v2\/posts\/3729\/revisions\/3730"}],"wp:featuredmedia":[{"embeddable":true,"href":"https:\/\/www.sutw-kielce.pl\/index.php?rest_route=\/wp\/v2\/media\/3722"}],"wp:attachment":[{"href":"https:\/\/www.sutw-kielce.pl\/index.php?rest_route=%2Fwp%2Fv2%2Fmedia&parent=3729"}],"wp:term":[{"taxonomy":"category","embeddable":true,"href":"https:\/\/www.sutw-kielce.pl\/index.php?rest_route=%2Fwp%2Fv2%2Fcategories&post=3729"},{"taxonomy":"post_tag","embeddable":true,"href":"https:\/\/www.sutw-kielce.pl\/index.php?rest_route=%2Fwp%2Fv2%2Ftags&post=3729"}],"curies":[{"name":"wp","href":"https:\/\/api.w.org\/{rel}","templated":true}]}}