{"id":3640,"date":"2019-12-15T10:36:27","date_gmt":"2019-12-15T09:36:27","guid":{"rendered":"https:\/\/www.sutw-kielce.pl\/?p=3640"},"modified":"2019-12-18T10:27:17","modified_gmt":"2019-12-18T09:27:17","slug":"seniorzy-w-kielcach-raport","status":"publish","type":"post","link":"https:\/\/www.sutw-kielce.pl\/?p=3640","title":{"rendered":"Seniorzy w Kielcach &#8211; raport"},"content":{"rendered":"\n<p>Na stronie internetowej Kieleckiej Rady Senior\u00f3w  ukaza\u0142 si\u0119 raport z bada\u0144 ankietowych przeprowadzony latem w\u015br\u00f3d kielczan.<\/p>\n\n\n\n<p>Raport pt. &#8220;Seniorzy w Kielcach. Aktywno\u015b\u0107 spo\u0142eczna i potrzeby \u017cyciowe&#8221;, kt\u00f3ry na zlecenie Fundacji PEStka, na podstawie przeprowadzonych ankiet przygotowali: dr Magdalena Pi\u0142at-Borcuch i dr Artur Borcuch.<\/p>\n\n\n\n<p>Znajdziesz go  <a href=\"https:\/\/radaseniorowkielce.pl\/seniorzy-w-kielcach-raport\/?preview_id=1894&amp;preview_nonce=1460091545&amp;preview=true&amp;_thumbnail_id=1896\">tutaj.<\/a><\/p>\n\n\n\n<p>\/JD\/ <br>Kielce 15.12.2019<\/p>\n","protected":false},"excerpt":{"rendered":"<p>Na stronie internetowej Kieleckiej Rady Senior\u00f3w ukaza\u0142 si\u0119 raport z bada\u0144 ankietowych przeprowadzony latem w\u015br\u00f3d kielczan. Raport pt. &#8220;Seniorzy w Kielcach. Aktywno\u015b\u0107 spo\u0142eczna i potrzeby<a class=\"moretag\" href=\"https:\/\/www.sutw-kielce.pl\/?p=3640\"> [&#8230;]<\/a><\/p>\n","protected":false},"author":5,"featured_media":3643,"comment_status":"closed","ping_status":"open","sticky":false,"template":"","format":"standard","meta":{"_bbp_topic_count":0,"_bbp_reply_count":0,"_bbp_total_topic_count":0,"_bbp_total_reply_count":0,"_bbp_voice_count":0,"_bbp_anonymous_reply_count":0,"_bbp_topic_count_hidden":0,"_bbp_reply_count_hidden":0,"_bbp_forum_subforum_count":0,"footnotes":""},"categories":[4],"tags":[],"_links":{"self":[{"href":"https:\/\/www.sutw-kielce.pl\/index.php?rest_route=\/wp\/v2\/posts\/3640"}],"collection":[{"href":"https:\/\/www.sutw-kielce.pl\/index.php?rest_route=\/wp\/v2\/posts"}],"about":[{"href":"https:\/\/www.sutw-kielce.pl\/index.php?rest_route=\/wp\/v2\/types\/post"}],"author":[{"embeddable":true,"href":"https:\/\/www.sutw-kielce.pl\/index.php?rest_route=\/wp\/v2\/users\/5"}],"replies":[{"embeddable":true,"href":"https:\/\/www.sutw-kielce.pl\/index.php?rest_route=%2Fwp%2Fv2%2Fcomments&post=3640"}],"version-history":[{"count":2,"href":"https:\/\/www.sutw-kielce.pl\/index.php?rest_route=\/wp\/v2\/posts\/3640\/revisions"}],"predecessor-version":[{"id":3642,"href":"https:\/\/www.sutw-kielce.pl\/index.php?rest_route=\/wp\/v2\/posts\/3640\/revisions\/3642"}],"wp:featuredmedia":[{"embeddable":true,"href":"https:\/\/www.sutw-kielce.pl\/index.php?rest_route=\/wp\/v2\/media\/3643"}],"wp:attachment":[{"href":"https:\/\/www.sutw-kielce.pl\/index.php?rest_route=%2Fwp%2Fv2%2Fmedia&parent=3640"}],"wp:term":[{"taxonomy":"category","embeddable":true,"href":"https:\/\/www.sutw-kielce.pl\/index.php?rest_route=%2Fwp%2Fv2%2Fcategories&post=3640"},{"taxonomy":"post_tag","embeddable":true,"href":"https:\/\/www.sutw-kielce.pl\/index.php?rest_route=%2Fwp%2Fv2%2Ftags&post=3640"}],"curies":[{"name":"wp","href":"https:\/\/api.w.org\/{rel}","templated":true}]}}