{"id":3607,"date":"2019-12-12T09:56:21","date_gmt":"2019-12-12T08:56:21","guid":{"rendered":"https:\/\/www.sutw-kielce.pl\/?p=3607"},"modified":"2020-01-07T15:36:32","modified_gmt":"2020-01-07T14:36:32","slug":"i-kongres-organizacji-pozarzadowych","status":"publish","type":"post","link":"https:\/\/www.sutw-kielce.pl\/?p=3607","title":{"rendered":"I Kongres Organizacji Pozarz\u0105dowych"},"content":{"rendered":"\n<p>W   dn.11.12.2019 &nbsp;odby\u0142 si\u0119 w Kielcach I Kongres Organizacji Pozarz\u0105dowych zorganizowany przez Marsza\u0142ka woj. \u015bwi\u0119tokrzyskiego nad kt\u00f3rym patronat obj\u0105\u0142 v-ce Premier Piotr Gli\u0144ski, dyr. Narodowego Instytutu Wolno\u015bci Wojciech Kaczmarczyk.<\/p>\n\n\n\n<p>\u015awi\u0119tokrzyski Uniwersytet III Wieku reprezentowa\u0142y El\u017cbieta Iwan i Teresa Gremba.<br>Uzyska\u0142y\u015bmy cenne informacje odno\u015bnie mo\u017cliwo\u015bci pozyskiwania \u015brodk\u00f3w na dzia\u0142anie.&nbsp;<\/p>\n\n\n\n<p> El\u017cbieta Iwan<br>Kielce dn.11.12.2019 <\/p>\n\n\n\n<p class=\"has-medium-font-size\"><strong>Urz\u0105d Marsza\u0142kowski woj.\u015bwi\u0119tokrzyskiego<\/strong>:<\/p>\n\n\n\n<h4 class=\"wp-block-heading\">\u201cPA\u0143STWO MUSI TWORZY\u0106 WARUNKI DLA AKTYWNO\u015aCI OBYWATELSKIEJ\u201d \u2013 ZA NAMI I \u015aWI\u0118TOKRZYSKI KONGRES ORGANIZACJI POZARZ\u0104DOWYCH<\/h4>\n\n\n\n<p><strong>Wiele dziedzin \u017cycia nie mog\u0142oby dzi\u015b funkcjonowa\u0107 bez aktywno\u015bci obywateli, a obowi\u0105zkiem w\u0142adzy publicznej \u2013 i rz\u0105dowej, i samorz\u0105dowej \u2013 jest wspieranie funkcjonowania organizacji pozarz\u0105dowych, by mog\u0142y si\u0119 rozwija\u0107 i dzia\u0142a\u0107 jeszcze bardziej skutecznie \u2013 powtarzano podczas I \u015awi\u0119tokrzyskiego Kongresu Organizacji Pozarz\u0105dowych, kt\u00f3ry odby\u0142 si\u0119 w Kielcach z udzia\u0142em wicepremiera Piotra Gli\u0144skiego. Organizatorami wydarzenia byli marsza\u0142ek wojew\u00f3dztwa \u015bwi\u0119tokrzyskiego Andrzej B\u0119tkowski oraz Narodowy Instytut Wolno\u015bci.<\/strong><br><br>\u2013 Jeste\u015bcie wa\u017cnym elementem lokalnych spo\u0142eczno\u015bci, a Wasza dzia\u0142alno\u015b\u0107 stanowi bezcenn\u0105 warto\u015b\u0107, wobec kt\u00f3rej nie mo\u017cna przej\u015b\u0107 oboj\u0119tnym \u2013 zwr\u00f3ci\u0142 si\u0119 do uczestnik\u00f3w Kongresu, w wi\u0119kszo\u015bci przedstawicieli tzw. trzeciego sektora, marsza\u0142ek wojew\u00f3dztwa \u015bwi\u0119tokrzyskiego&nbsp;<strong>Andrzej B\u0119tkowski<\/strong>&nbsp;podczas otwarcia Kongresu.<\/p>\n\n\n\n<p>Wi\u0119cej czytaj na stronie <a href=\"https:\/\/www.swietokrzyskie.pro\/panstwo-musi-tworzyc-warunki-dla-aktywnosci-obywatelskiej-za-nami-i-swietokrzyski-kongres-organizacji-pozarzadowych\/\">Urz\u0119du Marsza\u0142kowskiego<\/a><\/p>\n\n\n\n<p>Na temat kongresu przeczytasz tak\u017ce na stronie <a href=\"http:\/\/www.radio.kielce.pl\/pl\/post-96236\">Radia Kielce<\/a> <br>oraz na stronie <a href=\"https:\/\/echodnia.eu\/swietokrzyskie\/wicepremier-piotr-glinski-na-otwarciu-swietokrzyskiego-kongresu-organizacji-pozarzadowych-w-kielcach-zdjecia-wideo\/ar\/c1-14647969\">Echa Dnia<\/a><\/p>\n\n\n\n<p class=\"has-small-font-size\">Zdj\u0119cia ze strony Urz\u0119du Marsza\u0142kowskiego.<\/p>\n\n\n\n<figure class=\"wp-block-gallery columns-3 is-cropped wp-block-gallery-1 is-layout-flex wp-block-gallery-is-layout-flex\"><ul class=\"blocks-gallery-grid\"><li class=\"blocks-gallery-item\"><figure><a href=\"https:\/\/www.sutw-kielce.pl\/wp-content\/uploads\/2019\/12\/I-\u015awi\u0119tokrzyski-Kongres-Organizacji-Pozarz\u0105dowych-8-1024x683-1.jpg\"><img loading=\"lazy\" decoding=\"async\" width=\"1024\" height=\"683\" src=\"https:\/\/www.sutw-kielce.pl\/wp-content\/uploads\/2019\/12\/I-\u015awi\u0119tokrzyski-Kongres-Organizacji-Pozarz\u0105dowych-8-1024x683-1.jpg\" alt=\"\" data-id=\"3628\" data-full-url=\"https:\/\/www.sutw-kielce.pl\/wp-content\/uploads\/2019\/12\/I-\u015awi\u0119tokrzyski-Kongres-Organizacji-Pozarz\u0105dowych-8-1024x683-1.jpg\" data-link=\"https:\/\/www.sutw-kielce.pl\/?attachment_id=3628\" class=\"wp-image-3628\" srcset=\"https:\/\/www.sutw-kielce.pl\/wp-content\/uploads\/2019\/12\/I-\u015awi\u0119tokrzyski-Kongres-Organizacji-Pozarz\u0105dowych-8-1024x683-1.jpg 1024w, https:\/\/www.sutw-kielce.pl\/wp-content\/uploads\/2019\/12\/I-\u015awi\u0119tokrzyski-Kongres-Organizacji-Pozarz\u0105dowych-8-1024x683-1-300x200.jpg 300w, https:\/\/www.sutw-kielce.pl\/wp-content\/uploads\/2019\/12\/I-\u015awi\u0119tokrzyski-Kongres-Organizacji-Pozarz\u0105dowych-8-1024x683-1-768x512.jpg 768w\" sizes=\"(max-width: 1024px) 100vw, 1024px\" \/><\/a><\/figure><\/li><li class=\"blocks-gallery-item\"><figure><a href=\"https:\/\/www.sutw-kielce.pl\/wp-content\/uploads\/2019\/12\/I-\u015awi\u0119tokrzyski-Kongres-Organizacji-Pozarz\u0105dowych-4-1024x683-1.jpg\"><img loading=\"lazy\" decoding=\"async\" width=\"1024\" height=\"683\" src=\"https:\/\/www.sutw-kielce.pl\/wp-content\/uploads\/2019\/12\/I-\u015awi\u0119tokrzyski-Kongres-Organizacji-Pozarz\u0105dowych-4-1024x683-1.jpg\" alt=\"\" data-id=\"3629\" data-full-url=\"https:\/\/www.sutw-kielce.pl\/wp-content\/uploads\/2019\/12\/I-\u015awi\u0119tokrzyski-Kongres-Organizacji-Pozarz\u0105dowych-4-1024x683-1.jpg\" data-link=\"https:\/\/www.sutw-kielce.pl\/?attachment_id=3629\" class=\"wp-image-3629\" srcset=\"https:\/\/www.sutw-kielce.pl\/wp-content\/uploads\/2019\/12\/I-\u015awi\u0119tokrzyski-Kongres-Organizacji-Pozarz\u0105dowych-4-1024x683-1.jpg 1024w, https:\/\/www.sutw-kielce.pl\/wp-content\/uploads\/2019\/12\/I-\u015awi\u0119tokrzyski-Kongres-Organizacji-Pozarz\u0105dowych-4-1024x683-1-300x200.jpg 300w, https:\/\/www.sutw-kielce.pl\/wp-content\/uploads\/2019\/12\/I-\u015awi\u0119tokrzyski-Kongres-Organizacji-Pozarz\u0105dowych-4-1024x683-1-768x512.jpg 768w\" sizes=\"(max-width: 1024px) 100vw, 1024px\" \/><\/a><\/figure><\/li><li class=\"blocks-gallery-item\"><figure><a href=\"https:\/\/www.sutw-kielce.pl\/wp-content\/uploads\/2019\/12\/I-\u015awi\u0119tokrzyski-Kongres-Organizacji-Pozarz\u0105dowych-3-1024x624-1.jpg\"><img loading=\"lazy\" decoding=\"async\" width=\"1024\" height=\"624\" src=\"https:\/\/www.sutw-kielce.pl\/wp-content\/uploads\/2019\/12\/I-\u015awi\u0119tokrzyski-Kongres-Organizacji-Pozarz\u0105dowych-3-1024x624-1.jpg\" alt=\"\" data-id=\"3630\" data-full-url=\"https:\/\/www.sutw-kielce.pl\/wp-content\/uploads\/2019\/12\/I-\u015awi\u0119tokrzyski-Kongres-Organizacji-Pozarz\u0105dowych-3-1024x624-1.jpg\" data-link=\"https:\/\/www.sutw-kielce.pl\/?attachment_id=3630\" class=\"wp-image-3630\" srcset=\"https:\/\/www.sutw-kielce.pl\/wp-content\/uploads\/2019\/12\/I-\u015awi\u0119tokrzyski-Kongres-Organizacji-Pozarz\u0105dowych-3-1024x624-1.jpg 1024w, https:\/\/www.sutw-kielce.pl\/wp-content\/uploads\/2019\/12\/I-\u015awi\u0119tokrzyski-Kongres-Organizacji-Pozarz\u0105dowych-3-1024x624-1-300x183.jpg 300w, https:\/\/www.sutw-kielce.pl\/wp-content\/uploads\/2019\/12\/I-\u015awi\u0119tokrzyski-Kongres-Organizacji-Pozarz\u0105dowych-3-1024x624-1-768x468.jpg 768w\" sizes=\"(max-width: 1024px) 100vw, 1024px\" \/><\/a><\/figure><\/li><li class=\"blocks-gallery-item\"><figure><a href=\"https:\/\/www.sutw-kielce.pl\/wp-content\/uploads\/2019\/12\/I-\u015awi\u0119tokrzyski-Kongres-Organizacji-Pozarz\u0105dowych-16-1024x683-1.jpg\"><img loading=\"lazy\" decoding=\"async\" width=\"1024\" height=\"683\" src=\"https:\/\/www.sutw-kielce.pl\/wp-content\/uploads\/2019\/12\/I-\u015awi\u0119tokrzyski-Kongres-Organizacji-Pozarz\u0105dowych-16-1024x683-1.jpg\" alt=\"\" data-id=\"3631\" data-full-url=\"https:\/\/www.sutw-kielce.pl\/wp-content\/uploads\/2019\/12\/I-\u015awi\u0119tokrzyski-Kongres-Organizacji-Pozarz\u0105dowych-16-1024x683-1.jpg\" data-link=\"https:\/\/www.sutw-kielce.pl\/?attachment_id=3631\" class=\"wp-image-3631\" srcset=\"https:\/\/www.sutw-kielce.pl\/wp-content\/uploads\/2019\/12\/I-\u015awi\u0119tokrzyski-Kongres-Organizacji-Pozarz\u0105dowych-16-1024x683-1.jpg 1024w, https:\/\/www.sutw-kielce.pl\/wp-content\/uploads\/2019\/12\/I-\u015awi\u0119tokrzyski-Kongres-Organizacji-Pozarz\u0105dowych-16-1024x683-1-300x200.jpg 300w, https:\/\/www.sutw-kielce.pl\/wp-content\/uploads\/2019\/12\/I-\u015awi\u0119tokrzyski-Kongres-Organizacji-Pozarz\u0105dowych-16-1024x683-1-768x512.jpg 768w\" sizes=\"(max-width: 1024px) 100vw, 1024px\" \/><\/a><\/figure><\/li><li class=\"blocks-gallery-item\"><figure><a href=\"https:\/\/www.sutw-kielce.pl\/wp-content\/uploads\/2019\/12\/I-\u015awi\u0119tokrzyski-Kongres-Organizacji-Pozarz\u0105dowych-20-1024x658-1.jpg\"><img loading=\"lazy\" decoding=\"async\" width=\"1024\" height=\"658\" src=\"https:\/\/www.sutw-kielce.pl\/wp-content\/uploads\/2019\/12\/I-\u015awi\u0119tokrzyski-Kongres-Organizacji-Pozarz\u0105dowych-20-1024x658-1.jpg\" alt=\"\" data-id=\"3632\" data-full-url=\"https:\/\/www.sutw-kielce.pl\/wp-content\/uploads\/2019\/12\/I-\u015awi\u0119tokrzyski-Kongres-Organizacji-Pozarz\u0105dowych-20-1024x658-1.jpg\" data-link=\"https:\/\/www.sutw-kielce.pl\/?attachment_id=3632\" class=\"wp-image-3632\" srcset=\"https:\/\/www.sutw-kielce.pl\/wp-content\/uploads\/2019\/12\/I-\u015awi\u0119tokrzyski-Kongres-Organizacji-Pozarz\u0105dowych-20-1024x658-1.jpg 1024w, https:\/\/www.sutw-kielce.pl\/wp-content\/uploads\/2019\/12\/I-\u015awi\u0119tokrzyski-Kongres-Organizacji-Pozarz\u0105dowych-20-1024x658-1-300x193.jpg 300w, https:\/\/www.sutw-kielce.pl\/wp-content\/uploads\/2019\/12\/I-\u015awi\u0119tokrzyski-Kongres-Organizacji-Pozarz\u0105dowych-20-1024x658-1-768x494.jpg 768w\" sizes=\"(max-width: 1024px) 100vw, 1024px\" \/><\/a><\/figure><\/li><li class=\"blocks-gallery-item\"><figure><a href=\"https:\/\/www.sutw-kielce.pl\/wp-content\/uploads\/2019\/12\/I-\u015awi\u0119tokrzyski-Kongres-Organizacji-Pozarz\u0105dowych-23-1024x683-1.jpg\"><img loading=\"lazy\" decoding=\"async\" width=\"1024\" height=\"683\" src=\"https:\/\/www.sutw-kielce.pl\/wp-content\/uploads\/2019\/12\/I-\u015awi\u0119tokrzyski-Kongres-Organizacji-Pozarz\u0105dowych-23-1024x683-1.jpg\" alt=\"\" data-id=\"3633\" data-full-url=\"https:\/\/www.sutw-kielce.pl\/wp-content\/uploads\/2019\/12\/I-\u015awi\u0119tokrzyski-Kongres-Organizacji-Pozarz\u0105dowych-23-1024x683-1.jpg\" data-link=\"https:\/\/www.sutw-kielce.pl\/?attachment_id=3633\" class=\"wp-image-3633\" srcset=\"https:\/\/www.sutw-kielce.pl\/wp-content\/uploads\/2019\/12\/I-\u015awi\u0119tokrzyski-Kongres-Organizacji-Pozarz\u0105dowych-23-1024x683-1.jpg 1024w, https:\/\/www.sutw-kielce.pl\/wp-content\/uploads\/2019\/12\/I-\u015awi\u0119tokrzyski-Kongres-Organizacji-Pozarz\u0105dowych-23-1024x683-1-300x200.jpg 300w, https:\/\/www.sutw-kielce.pl\/wp-content\/uploads\/2019\/12\/I-\u015awi\u0119tokrzyski-Kongres-Organizacji-Pozarz\u0105dowych-23-1024x683-1-768x512.jpg 768w\" sizes=\"(max-width: 1024px) 100vw, 1024px\" \/><\/a><\/figure><\/li><li class=\"blocks-gallery-item\"><figure><a href=\"https:\/\/www.sutw-kielce.pl\/wp-content\/uploads\/2019\/12\/I-\u015awi\u0119tokrzyski-Kongres-Organizacji-Pozarz\u0105dowych-22-1024x683-1.jpg\"><img loading=\"lazy\" decoding=\"async\" width=\"1024\" height=\"683\" src=\"https:\/\/www.sutw-kielce.pl\/wp-content\/uploads\/2019\/12\/I-\u015awi\u0119tokrzyski-Kongres-Organizacji-Pozarz\u0105dowych-22-1024x683-1.jpg\" alt=\"\" data-id=\"3634\" data-full-url=\"https:\/\/www.sutw-kielce.pl\/wp-content\/uploads\/2019\/12\/I-\u015awi\u0119tokrzyski-Kongres-Organizacji-Pozarz\u0105dowych-22-1024x683-1.jpg\" data-link=\"https:\/\/www.sutw-kielce.pl\/?attachment_id=3634\" class=\"wp-image-3634\" srcset=\"https:\/\/www.sutw-kielce.pl\/wp-content\/uploads\/2019\/12\/I-\u015awi\u0119tokrzyski-Kongres-Organizacji-Pozarz\u0105dowych-22-1024x683-1.jpg 1024w, https:\/\/www.sutw-kielce.pl\/wp-content\/uploads\/2019\/12\/I-\u015awi\u0119tokrzyski-Kongres-Organizacji-Pozarz\u0105dowych-22-1024x683-1-300x200.jpg 300w, https:\/\/www.sutw-kielce.pl\/wp-content\/uploads\/2019\/12\/I-\u015awi\u0119tokrzyski-Kongres-Organizacji-Pozarz\u0105dowych-22-1024x683-1-768x512.jpg 768w\" sizes=\"(max-width: 1024px) 100vw, 1024px\" \/><\/a><\/figure><\/li><li class=\"blocks-gallery-item\"><figure><a href=\"https:\/\/www.sutw-kielce.pl\/wp-content\/uploads\/2019\/12\/I-\u015awi\u0119tokrzyski-Kongres-Organizacji-Pozarz\u0105dowych-24-1024x683-1.jpg\"><img loading=\"lazy\" decoding=\"async\" width=\"1024\" height=\"683\" src=\"https:\/\/www.sutw-kielce.pl\/wp-content\/uploads\/2019\/12\/I-\u015awi\u0119tokrzyski-Kongres-Organizacji-Pozarz\u0105dowych-24-1024x683-1.jpg\" alt=\"\" data-id=\"3635\" data-full-url=\"https:\/\/www.sutw-kielce.pl\/wp-content\/uploads\/2019\/12\/I-\u015awi\u0119tokrzyski-Kongres-Organizacji-Pozarz\u0105dowych-24-1024x683-1.jpg\" data-link=\"https:\/\/www.sutw-kielce.pl\/?attachment_id=3635\" class=\"wp-image-3635\" srcset=\"https:\/\/www.sutw-kielce.pl\/wp-content\/uploads\/2019\/12\/I-\u015awi\u0119tokrzyski-Kongres-Organizacji-Pozarz\u0105dowych-24-1024x683-1.jpg 1024w, https:\/\/www.sutw-kielce.pl\/wp-content\/uploads\/2019\/12\/I-\u015awi\u0119tokrzyski-Kongres-Organizacji-Pozarz\u0105dowych-24-1024x683-1-300x200.jpg 300w, https:\/\/www.sutw-kielce.pl\/wp-content\/uploads\/2019\/12\/I-\u015awi\u0119tokrzyski-Kongres-Organizacji-Pozarz\u0105dowych-24-1024x683-1-768x512.jpg 768w\" sizes=\"(max-width: 1024px) 100vw, 1024px\" \/><\/a><\/figure><\/li><li class=\"blocks-gallery-item\"><figure><a href=\"https:\/\/www.sutw-kielce.pl\/wp-content\/uploads\/2019\/12\/I-\u015awi\u0119tokrzyski-Kongres-Organizacji-Pozarz\u0105dowych-13-1024x683-1.jpg\"><img loading=\"lazy\" decoding=\"async\" width=\"1024\" height=\"683\" src=\"https:\/\/www.sutw-kielce.pl\/wp-content\/uploads\/2019\/12\/I-\u015awi\u0119tokrzyski-Kongres-Organizacji-Pozarz\u0105dowych-13-1024x683-1.jpg\" alt=\"\" data-id=\"3636\" data-full-url=\"https:\/\/www.sutw-kielce.pl\/wp-content\/uploads\/2019\/12\/I-\u015awi\u0119tokrzyski-Kongres-Organizacji-Pozarz\u0105dowych-13-1024x683-1.jpg\" data-link=\"https:\/\/www.sutw-kielce.pl\/?attachment_id=3636\" class=\"wp-image-3636\" srcset=\"https:\/\/www.sutw-kielce.pl\/wp-content\/uploads\/2019\/12\/I-\u015awi\u0119tokrzyski-Kongres-Organizacji-Pozarz\u0105dowych-13-1024x683-1.jpg 1024w, https:\/\/www.sutw-kielce.pl\/wp-content\/uploads\/2019\/12\/I-\u015awi\u0119tokrzyski-Kongres-Organizacji-Pozarz\u0105dowych-13-1024x683-1-300x200.jpg 300w, https:\/\/www.sutw-kielce.pl\/wp-content\/uploads\/2019\/12\/I-\u015awi\u0119tokrzyski-Kongres-Organizacji-Pozarz\u0105dowych-13-1024x683-1-768x512.jpg 768w\" sizes=\"(max-width: 1024px) 100vw, 1024px\" \/><\/a><\/figure><\/li><\/ul><\/figure>\n\n\n\n<p><\/p>\n","protected":false},"excerpt":{"rendered":"<p>W dn.11.12.2019 &nbsp;odby\u0142 si\u0119 w Kielcach I Kongres Organizacji Pozarz\u0105dowych zorganizowany przez Marsza\u0142ka woj. \u015bwi\u0119tokrzyskiego nad kt\u00f3rym patronat obj\u0105\u0142 v-ce Premier Piotr Gli\u0144ski, dyr. Narodowego<a class=\"moretag\" href=\"https:\/\/www.sutw-kielce.pl\/?p=3607\"> [&#8230;]<\/a><\/p>\n","protected":false},"author":5,"featured_media":3636,"comment_status":"open","ping_status":"open","sticky":false,"template":"","format":"standard","meta":{"_bbp_topic_count":0,"_bbp_reply_count":0,"_bbp_total_topic_count":0,"_bbp_total_reply_count":0,"_bbp_voice_count":0,"_bbp_anonymous_reply_count":0,"_bbp_topic_count_hidden":0,"_bbp_reply_count_hidden":0,"_bbp_forum_subforum_count":0,"footnotes":""},"categories":[4,5],"tags":[],"_links":{"self":[{"href":"https:\/\/www.sutw-kielce.pl\/index.php?rest_route=\/wp\/v2\/posts\/3607"}],"collection":[{"href":"https:\/\/www.sutw-kielce.pl\/index.php?rest_route=\/wp\/v2\/posts"}],"about":[{"href":"https:\/\/www.sutw-kielce.pl\/index.php?rest_route=\/wp\/v2\/types\/post"}],"author":[{"embeddable":true,"href":"https:\/\/www.sutw-kielce.pl\/index.php?rest_route=\/wp\/v2\/users\/5"}],"replies":[{"embeddable":true,"href":"https:\/\/www.sutw-kielce.pl\/index.php?rest_route=%2Fwp%2Fv2%2Fcomments&post=3607"}],"version-history":[{"count":9,"href":"https:\/\/www.sutw-kielce.pl\/index.php?rest_route=\/wp\/v2\/posts\/3607\/revisions"}],"predecessor-version":[{"id":3690,"href":"https:\/\/www.sutw-kielce.pl\/index.php?rest_route=\/wp\/v2\/posts\/3607\/revisions\/3690"}],"wp:featuredmedia":[{"embeddable":true,"href":"https:\/\/www.sutw-kielce.pl\/index.php?rest_route=\/wp\/v2\/media\/3636"}],"wp:attachment":[{"href":"https:\/\/www.sutw-kielce.pl\/index.php?rest_route=%2Fwp%2Fv2%2Fmedia&parent=3607"}],"wp:term":[{"taxonomy":"category","embeddable":true,"href":"https:\/\/www.sutw-kielce.pl\/index.php?rest_route=%2Fwp%2Fv2%2Fcategories&post=3607"},{"taxonomy":"post_tag","embeddable":true,"href":"https:\/\/www.sutw-kielce.pl\/index.php?rest_route=%2Fwp%2Fv2%2Ftags&post=3607"}],"curies":[{"name":"wp","href":"https:\/\/api.w.org\/{rel}","templated":true}]}}