{"id":3596,"date":"2019-12-09T18:45:14","date_gmt":"2019-12-09T17:45:14","guid":{"rendered":"https:\/\/www.sutw-kielce.pl\/?p=3596"},"modified":"2020-01-07T15:37:21","modified_gmt":"2020-01-07T14:37:21","slug":"senior-roku-2018","status":"publish","type":"post","link":"https:\/\/www.sutw-kielce.pl\/?p=3596","title":{"rendered":"Senior Roku 2018"},"content":{"rendered":"\n<p> Pierwsz\u0105 edycj\u0119 konkursu na wyb\u00f3r Seniora Roku zorganizowa\u0142a Fundacja &#8220;Pestka&#8221;. Gala odby\u0142a si\u0119 w Sali Kominkowej Woj.Domu Kultury  w Kielcach w dn. 2.12.2019. Celem Konkursu by\u0142o wyr\u00f3\u017cnienie ponadprzeci\u0119tnych, najaktywniejszych postaw senior\u00f3w i seniorek kieleckich za dzia\u0142ania zrealizowane w roku 2018.  <\/p>\n\n\n\n<p>Tytu\u0142 ten otrzyma\u0142a Janina \u0141ucak.<\/p>\n\n\n\n<p>Pe\u0142n\u0105 tre\u015b\u0107 artyku\u0142u i zdj\u0119cia znajdziesz na stronie <a href=\"https:\/\/radaseniorowkielce.pl\/senior-roku-2019\/?preview_id=1855&amp;preview_nonce=ed9d269aa9&amp;preview=true&amp;_thumbnail_id=1885\">Kieleckiej Rady Senior\u00f3w.<\/a><\/p>\n\n\n\n<p>Jadwiga Dula<br>Kielce dn.09.12.2019<\/p>\n","protected":false},"excerpt":{"rendered":"<p>Pierwsz\u0105 edycj\u0119 konkursu na wyb\u00f3r Seniora Roku zorganizowa\u0142a Fundacja &#8220;Pestka&#8221;. Gala odby\u0142a si\u0119 w Sali Kominkowej Woj.Domu Kultury w Kielcach w dn. 2.12.2019. Celem Konkursu<a class=\"moretag\" href=\"https:\/\/www.sutw-kielce.pl\/?p=3596\"> [&#8230;]<\/a><\/p>\n","protected":false},"author":5,"featured_media":3597,"comment_status":"closed","ping_status":"open","sticky":false,"template":"","format":"standard","meta":{"_bbp_topic_count":0,"_bbp_reply_count":0,"_bbp_total_topic_count":0,"_bbp_total_reply_count":0,"_bbp_voice_count":0,"_bbp_anonymous_reply_count":0,"_bbp_topic_count_hidden":0,"_bbp_reply_count_hidden":0,"_bbp_forum_subforum_count":0,"footnotes":""},"categories":[4,5],"tags":[],"_links":{"self":[{"href":"https:\/\/www.sutw-kielce.pl\/index.php?rest_route=\/wp\/v2\/posts\/3596"}],"collection":[{"href":"https:\/\/www.sutw-kielce.pl\/index.php?rest_route=\/wp\/v2\/posts"}],"about":[{"href":"https:\/\/www.sutw-kielce.pl\/index.php?rest_route=\/wp\/v2\/types\/post"}],"author":[{"embeddable":true,"href":"https:\/\/www.sutw-kielce.pl\/index.php?rest_route=\/wp\/v2\/users\/5"}],"replies":[{"embeddable":true,"href":"https:\/\/www.sutw-kielce.pl\/index.php?rest_route=%2Fwp%2Fv2%2Fcomments&post=3596"}],"version-history":[{"count":2,"href":"https:\/\/www.sutw-kielce.pl\/index.php?rest_route=\/wp\/v2\/posts\/3596\/revisions"}],"predecessor-version":[{"id":3599,"href":"https:\/\/www.sutw-kielce.pl\/index.php?rest_route=\/wp\/v2\/posts\/3596\/revisions\/3599"}],"wp:featuredmedia":[{"embeddable":true,"href":"https:\/\/www.sutw-kielce.pl\/index.php?rest_route=\/wp\/v2\/media\/3597"}],"wp:attachment":[{"href":"https:\/\/www.sutw-kielce.pl\/index.php?rest_route=%2Fwp%2Fv2%2Fmedia&parent=3596"}],"wp:term":[{"taxonomy":"category","embeddable":true,"href":"https:\/\/www.sutw-kielce.pl\/index.php?rest_route=%2Fwp%2Fv2%2Fcategories&post=3596"},{"taxonomy":"post_tag","embeddable":true,"href":"https:\/\/www.sutw-kielce.pl\/index.php?rest_route=%2Fwp%2Fv2%2Ftags&post=3596"}],"curies":[{"name":"wp","href":"https:\/\/api.w.org\/{rel}","templated":true}]}}