{"id":3555,"date":"2019-12-04T15:12:36","date_gmt":"2019-12-04T14:12:36","guid":{"rendered":"https:\/\/www.sutw-kielce.pl\/?p=3555"},"modified":"2020-01-24T15:27:16","modified_gmt":"2020-01-24T14:27:16","slug":"wczasy-2020","status":"publish","type":"post","link":"https:\/\/www.sutw-kielce.pl\/?p=3555","title":{"rendered":"Wczasy 2020"},"content":{"rendered":"\n<p><strong>WCZASY W 2020 ROKU<\/strong><\/p>\n\n\n\n<p><strong>Zapisy na wczasy z wp\u0142at\u0105\nzaliczki 300 z\u0142 od 14.01. 2020 r&nbsp; <\/strong><\/p>\n\n\n\n<p><strong>w Sekretariacie \u015aUTW w\ngodz. od 10:00 do 13:00<\/strong><\/p>\n\n\n\n<p><strong>1. Krynica Morska Dw. \u201eRONDO\u201d<\/strong><\/p>\n\n\n\n<p>&nbsp;&nbsp;&nbsp;&nbsp;&nbsp; 17.05. \u2013 30.05. 2020 r. \/trzy posi\u0142ki\/<\/p>\n\n\n\n<p>&nbsp;&nbsp;&nbsp;&nbsp;&nbsp; Cena: 1.510 z\u0142 z podr\u00f3\u017c\u0105 + klimatyczne<\/p>\n\n\n\n<p><strong>2. Krynica G\u00f3rska Dw. \u201eRzymianka\u201d<\/strong><\/p>\n\n\n\n<p>&nbsp;&nbsp;&nbsp;&nbsp;&nbsp; 4.05 \u2013 14.05. 2020 r. \/trzy posi\u0142ki\/<\/p>\n\n\n\n<p>&nbsp;&nbsp;&nbsp;&nbsp;&nbsp; Cena: 1.022z\u0142 z podr\u00f3\u017c\u0105 + klimatyczne<\/p>\n\n\n\n<p><strong>3. Niechorze Dw. \u201eNew Corner\u201d <\/strong><\/p>\n\n\n\n<p><strong>turnus rehabilitacyjny \u2013 21 zabieg\u00f3w\n\/ trzy zabiegi dziennie\/<\/strong><\/p>\n\n\n\n<p><strong>&nbsp;&nbsp;&nbsp;&nbsp;&nbsp; <\/strong>16.08.- 25.08. 2020 r. \/trzy posi\u0142ki\/<\/p>\n\n\n\n<p>&nbsp;&nbsp;&nbsp;&nbsp;&nbsp; Cena: 1. 542 z\u0142 z podr\u00f3\u017c\u0105 + klimatyczne<\/p>\n\n\n\n<p><strong>4. Krynica Morska Dw. \u201eCARO\u201d<\/strong><\/p>\n\n\n\n<p><strong>&nbsp;&nbsp;&nbsp;&nbsp;&nbsp; <\/strong>23.08.- 6.09. 2020 r. \/trzy posi\u0142ki\/<\/p>\n\n\n\n<p>&nbsp;&nbsp;&nbsp;&nbsp;&nbsp; Cena: 1.610 z\u0142&nbsp; z podr\u00f3\u017c\u0105 + klimatyczne<\/p>\n\n\n\n<p><strong>5. Ustka Dw. \u201eNiezapominajka\u201d<\/strong><\/p>\n\n\n\n<p><strong>&nbsp;&nbsp;&nbsp;&nbsp;&nbsp; <\/strong>28.08. \u2013 9.09. 2020 r. \/trzy posi\u0142ki\/<\/p>\n\n\n\n<p>&nbsp;&nbsp;&nbsp;&nbsp;&nbsp; Cena: 1.597 z podr\u00f3\u017c\u0105 + klimatyczne<\/p>\n\n\n\n<p><strong>6. Niechorze Dw. \u201eAS PIK\u201d<\/strong><\/p>\n\n\n\n<p>&nbsp;&nbsp;&nbsp;&nbsp;&nbsp; 26.08. \u2013 8.09. 2020 r. \/dwa posi\u0142ki\/<\/p>\n\n\n\n<p>&nbsp;&nbsp;&nbsp;&nbsp;&nbsp; Cena: 1.402 z\u0142 z podr\u00f3\u017c\u0105 + klimatyczne<\/p>\n\n\n\n<p><strong>7. Zakopane Dw. \u201eKolejarz\u201d<\/strong><\/p>\n\n\n\n<p><strong>&nbsp;&nbsp;&nbsp;&nbsp;&nbsp; <\/strong>19.10. \u2013 25.10. 2020 r. \/dwa posi\u0142ki\/<\/p>\n\n\n\n<p>&nbsp;&nbsp;&nbsp;&nbsp;&nbsp; Cena: 712 z\u0142 z podr\u00f3\u017c\u0105 + klimatyczne<\/p>\n\n\n\n<p><strong>8. Bieszczady + Lw\u00f3w \/impreza dla\nsenior\u00f3w\/<\/strong><\/p>\n\n\n\n<p>&nbsp;&nbsp;&nbsp;&nbsp;&nbsp; 05.07. \u2013 11.07. 2020 r. \/dwa posi\u0142ki\/<\/p>\n\n\n\n<p>&nbsp;&nbsp;&nbsp;&nbsp;&nbsp; Cena: 1.125 z\u0142&nbsp; w tym podr\u00f3\u017c, przewodnicy, bilety wst\u0119p\u00f3w,\nubezpieczenie, rejs statkiem, dwa wieczorki taneczne, degustacja win<\/p>\n\n\n\n<p><strong>9. Truskawiec sanatorium \u201eKryszta\u0142owy\nPa\u0142ac\u201d<\/strong><\/p>\n\n\n\n<p><strong>&nbsp;&nbsp;&nbsp;&nbsp;&nbsp; <\/strong>29.06. \u2013 06.07. 2020 r. \/trzy\nposi\u0142ki\/<strong>paszport obowi\u0105zkowy<\/strong>\/<\/p>\n\n\n\n<p>&nbsp;&nbsp;&nbsp;&nbsp;&nbsp; Cena: 1.499 z\u0142 w tym podr\u00f3\u017c, wycieczka\nautokarowa, trzy&nbsp; zabiegi medyczne\ndziennie, ubezpieczenie, op\u0142ata klimatyczna, opieka rezydenta<\/p>\n\n\n\n<p><strong>10.Grecja Olimpic Beach, Hotelz\nbasenem<\/strong><\/p>\n\n\n\n<p>&nbsp;&nbsp;&nbsp;&nbsp;&nbsp; 31.08. \u2013 10.09. 2020 r. \/dwa posi\u0142ki\/<\/p>\n\n\n\n<p>&nbsp;&nbsp;&nbsp;&nbsp;&nbsp; Cena: 1.595 z\u0142 w tym podr\u00f3\u017c, dwa noclegi\ntranzytowe, opieka lekarska, ubezpieczenie, op\u0142ata klimatyczna, wycieczka<\/p>\n\n\n\n<p><strong>11.Bu\u0142garia\nNesseber hotel MELSA COOP<\/strong><\/p>\n\n\n\n<p><strong>&nbsp;&nbsp;&nbsp;&nbsp;&nbsp; <\/strong>09.09. \u2013\n20.09. 2020 r. \/dwa\nposi\u0142ki\/<\/p>\n\n\n\n<p>&nbsp;&nbsp;&nbsp;&nbsp;&nbsp; Cena: 1.795 z\u0142 w tym podr\u00f3\u017c, dwa noclegi\ntranzytowe, opieka rezydenta i pilota, ubezpieczenie, op\u0142ata klimatyczna,\nwycieczka, spacer z przewodnikiem po Nesseber<\/p>\n","protected":false},"excerpt":{"rendered":"<p>WCZASY W 2020 ROKU Zapisy na wczasy z wp\u0142at\u0105 zaliczki 300 z\u0142 od 14.01. 2020 r&nbsp; w Sekretariacie \u015aUTW w godz. od 10:00 do 13:00<a class=\"moretag\" href=\"https:\/\/www.sutw-kielce.pl\/?p=3555\"> [&#8230;]<\/a><\/p>\n","protected":false},"author":5,"featured_media":3558,"comment_status":"closed","ping_status":"open","sticky":false,"template":"","format":"standard","meta":{"_bbp_topic_count":0,"_bbp_reply_count":0,"_bbp_total_topic_count":0,"_bbp_total_reply_count":0,"_bbp_voice_count":0,"_bbp_anonymous_reply_count":0,"_bbp_topic_count_hidden":0,"_bbp_reply_count_hidden":0,"_bbp_forum_subforum_count":0,"footnotes":""},"categories":[21],"tags":[],"_links":{"self":[{"href":"https:\/\/www.sutw-kielce.pl\/index.php?rest_route=\/wp\/v2\/posts\/3555"}],"collection":[{"href":"https:\/\/www.sutw-kielce.pl\/index.php?rest_route=\/wp\/v2\/posts"}],"about":[{"href":"https:\/\/www.sutw-kielce.pl\/index.php?rest_route=\/wp\/v2\/types\/post"}],"author":[{"embeddable":true,"href":"https:\/\/www.sutw-kielce.pl\/index.php?rest_route=\/wp\/v2\/users\/5"}],"replies":[{"embeddable":true,"href":"https:\/\/www.sutw-kielce.pl\/index.php?rest_route=%2Fwp%2Fv2%2Fcomments&post=3555"}],"version-history":[{"count":5,"href":"https:\/\/www.sutw-kielce.pl\/index.php?rest_route=\/wp\/v2\/posts\/3555\/revisions"}],"predecessor-version":[{"id":3760,"href":"https:\/\/www.sutw-kielce.pl\/index.php?rest_route=\/wp\/v2\/posts\/3555\/revisions\/3760"}],"wp:featuredmedia":[{"embeddable":true,"href":"https:\/\/www.sutw-kielce.pl\/index.php?rest_route=\/wp\/v2\/media\/3558"}],"wp:attachment":[{"href":"https:\/\/www.sutw-kielce.pl\/index.php?rest_route=%2Fwp%2Fv2%2Fmedia&parent=3555"}],"wp:term":[{"taxonomy":"category","embeddable":true,"href":"https:\/\/www.sutw-kielce.pl\/index.php?rest_route=%2Fwp%2Fv2%2Fcategories&post=3555"},{"taxonomy":"post_tag","embeddable":true,"href":"https:\/\/www.sutw-kielce.pl\/index.php?rest_route=%2Fwp%2Fv2%2Ftags&post=3555"}],"curies":[{"name":"wp","href":"https:\/\/api.w.org\/{rel}","templated":true}]}}