{"id":3512,"date":"2019-11-28T10:29:31","date_gmt":"2019-11-28T09:29:31","guid":{"rendered":"https:\/\/www.sutw-kielce.pl\/?p=3512"},"modified":"2019-11-28T10:31:09","modified_gmt":"2019-11-28T09:31:09","slug":"opiekun-szyty-na-miare","status":"publish","type":"post","link":"https:\/\/www.sutw-kielce.pl\/?p=3512","title":{"rendered":"Opiekun szyty na miar\u0119"},"content":{"rendered":"\n<p>Szanowni Pa\u0144stwo,<\/p>\n\n\n\n<p>Z wielk\u0105 przyjemno\u015bci\u0105 zapraszamy do zg\u0142oszenia si\u0119 po&nbsp;<strong>BEZP\u0141ATNY<\/strong>&nbsp;podr\u0119cznik dla Opiekun\u00f3w Os\u00f3b z chorobami ot\u0119piennymi \u201eOpiekun szyty na miar\u0119\u201d.<\/p>\n\n\n\n<p>Podr\u0119cznik ten jest zwie\u0144czeniem 10-letnich do\u015bwiadcze\u0144 w pracy z osobami chorymi w trybie indywidualnym, grupowym oraz z cz\u0142onkami ich rodzin.<\/p>\n\n\n\n<p>Intencj\u0105 autorek&nbsp; jest dostarczenie Opiekunom kompleksowego materia\u0142u wspieraj\u0105cego ich w ka\u017cdym etapie choroby i dostarczaj\u0105cego im zbiory praktycznych rozwi\u0105za\u0144 mog\u0105cych s\u0142u\u017cy\u0107 za przyk\u0142ady \/ wskaz\u00f3wki do wykorzystania w codziennym wspieraniu chorych. Poradnik powstaje w ramach Rz\u0105dowego Programu na rzecz Aktywno\u015bci Os\u00f3b Starszych na lata 2014 \u2013 2020.<\/p>\n\n\n\n<p>Poradnik b\u0119dzie dystrybuowany bezp\u0142atnie w grudniu 2019 roku.<\/p>\n\n\n\n<figure class=\"wp-block-image\"><img loading=\"lazy\" decoding=\"async\" width=\"324\" height=\"246\" src=\"https:\/\/www.sutw-kielce.pl\/wp-content\/uploads\/2019\/11\/logo_rgb-ekrany.jpg\" alt=\"\" class=\"wp-image-3513\" srcset=\"https:\/\/www.sutw-kielce.pl\/wp-content\/uploads\/2019\/11\/logo_rgb-ekrany.jpg 324w, https:\/\/www.sutw-kielce.pl\/wp-content\/uploads\/2019\/11\/logo_rgb-ekrany-300x228.jpg 300w\" sizes=\"(max-width: 324px) 100vw, 324px\" \/><\/figure>\n\n\n\n<p class=\"has-medium-font-size\">Jak otrzyma\u0107 poradnik i dodatkowe informacje znajdziesz na stronie <br><a href=\"https:\/\/radaseniorowkielce.pl\/opiekun-szyty-na-miare\/\">Kieleckiej Rady Senior\u00f3w<\/a><\/p>\n","protected":false},"excerpt":{"rendered":"<p>Szanowni Pa\u0144stwo, Z wielk\u0105 przyjemno\u015bci\u0105 zapraszamy do zg\u0142oszenia si\u0119 po&nbsp;BEZP\u0141ATNY&nbsp;podr\u0119cznik dla Opiekun\u00f3w Os\u00f3b z chorobami ot\u0119piennymi \u201eOpiekun szyty na miar\u0119\u201d. Podr\u0119cznik ten jest zwie\u0144czeniem 10-letnich<a class=\"moretag\" href=\"https:\/\/www.sutw-kielce.pl\/?p=3512\"> [&#8230;]<\/a><\/p>\n","protected":false},"author":5,"featured_media":3514,"comment_status":"closed","ping_status":"open","sticky":false,"template":"","format":"standard","meta":{"_bbp_topic_count":0,"_bbp_reply_count":0,"_bbp_total_topic_count":0,"_bbp_total_reply_count":0,"_bbp_voice_count":0,"_bbp_anonymous_reply_count":0,"_bbp_topic_count_hidden":0,"_bbp_reply_count_hidden":0,"_bbp_forum_subforum_count":0,"footnotes":""},"categories":[4],"tags":[],"_links":{"self":[{"href":"https:\/\/www.sutw-kielce.pl\/index.php?rest_route=\/wp\/v2\/posts\/3512"}],"collection":[{"href":"https:\/\/www.sutw-kielce.pl\/index.php?rest_route=\/wp\/v2\/posts"}],"about":[{"href":"https:\/\/www.sutw-kielce.pl\/index.php?rest_route=\/wp\/v2\/types\/post"}],"author":[{"embeddable":true,"href":"https:\/\/www.sutw-kielce.pl\/index.php?rest_route=\/wp\/v2\/users\/5"}],"replies":[{"embeddable":true,"href":"https:\/\/www.sutw-kielce.pl\/index.php?rest_route=%2Fwp%2Fv2%2Fcomments&post=3512"}],"version-history":[{"count":3,"href":"https:\/\/www.sutw-kielce.pl\/index.php?rest_route=\/wp\/v2\/posts\/3512\/revisions"}],"predecessor-version":[{"id":3518,"href":"https:\/\/www.sutw-kielce.pl\/index.php?rest_route=\/wp\/v2\/posts\/3512\/revisions\/3518"}],"wp:featuredmedia":[{"embeddable":true,"href":"https:\/\/www.sutw-kielce.pl\/index.php?rest_route=\/wp\/v2\/media\/3514"}],"wp:attachment":[{"href":"https:\/\/www.sutw-kielce.pl\/index.php?rest_route=%2Fwp%2Fv2%2Fmedia&parent=3512"}],"wp:term":[{"taxonomy":"category","embeddable":true,"href":"https:\/\/www.sutw-kielce.pl\/index.php?rest_route=%2Fwp%2Fv2%2Fcategories&post=3512"},{"taxonomy":"post_tag","embeddable":true,"href":"https:\/\/www.sutw-kielce.pl\/index.php?rest_route=%2Fwp%2Fv2%2Ftags&post=3512"}],"curies":[{"name":"wp","href":"https:\/\/api.w.org\/{rel}","templated":true}]}}