{"id":3505,"date":"2019-11-25T00:16:10","date_gmt":"2019-11-24T23:16:10","guid":{"rendered":"https:\/\/www.sutw-kielce.pl\/?p=3505"},"modified":"2019-11-25T00:16:11","modified_gmt":"2019-11-24T23:16:11","slug":"poczatki-kielc-kosciol-sw-wojciecha","status":"publish","type":"post","link":"https:\/\/www.sutw-kielce.pl\/?p=3505","title":{"rendered":"Pocz\u0105tki Kielc. Ko\u015bci\u00f3\u0142 \u015bw. Wojciecha"},"content":{"rendered":"\n<p>Dzie\u0144 23 listopada 2019r. W Sali MHK zebra\u0142a si\u0119 du\u017ca ilo\u015b\u0107\nos\u00f3b, aby w ramach Klubu \u201eNad Silnic\u0105\u201d wys\u0142ucha\u0107 prelekcji Krzysztofa\nMy\u015bli\u0144skiego o najstarszym ko\u015bciele w Kielcach i r\u00f3wnocze\u015bnie jednym z\nnajstarszych zabytk\u00f3w miasta.<\/p>\n\n\n\n<p>Obecnie Kielce\u00a0 znajduj\u0105 si\u0119 w 9,5 wieku \u00a0od pocz\u0105tku sta\u0142ego osadnictwa. Pocz\u0105tkowo by\u0142a to ma\u0142a osada handlowa, targowisko wymiany produkt\u00f3w le\u015bnych z otaczaj\u0105cej puszczy na ziemiop\u0142ody znad Nidy. W 1000r. osada liczy\u0142a 166 mieszka\u0144c\u00f3w, w 1100r. \u2013 200 os\u00f3b a w 1200 \u2013 250 os\u00f3b. <\/p>\n\n\n\n<p>W zwi\u0105zku z rozwojem osady, na skraju puszczy nad rzek\u0105 Silnic\u0105 wybudowano w XIII w. male\u0144ki drewniany ko\u015bci\u00f3\u0142 pod wezwaniem \u015bw. Wojciecha, by\u0142 on ko\u015bcio\u0142em misyjnym. Drewniany ko\u015bci\u00f3\u0142 s\u0142u\u017cy\u0142 mieszka\u0144com do po\u0142owy XVIII w., p\u00f3\u017aniej na tym miejscu wybudowano drugi ko\u015bci\u00f3\u0142, a w XIX w. trzeci \u2013 obecny, jest on ko\u015bcio\u0142em \u201eodwr\u00f3conym\u201d, tzn. usytuowanym wsch\u00f3d \u2013 zach\u00f3d. W 1884r. ko\u015bci\u00f3\u0142 jest ju\u017c \u00a0ko\u015bcio\u0142em parafialnym dla wschodnio-p\u00f3\u0142nocnej dzielnicy Kielc. P\u00f3\u017aniej dobudowywano na zewn\u0105trz kapliczki, kt\u00f3re wsp\u00f3\u0142graj\u0105 z bry\u0142\u0105 ko\u015bcio\u0142a. Ksi\u0105dz J. Rogalli kierowa\u0142 w 19w. pracami wewn\u0105trz i zewn\u0105trz ko\u015bcio\u0142a. \u00a0\u015awi\u0105tynia jest wysoka i w\u0105ska.<\/p>\n\n\n\n<p>W ko\u015bciele jest du\u017co obraz\u00f3w, np. \u201eZa\u015bni\u0119cie Matki Bo\u017cej\u201d z\n1820r. malowany na deskach, w g\u0142\u00f3wnym o\u0142tarzu jest obraz \u201eRozmno\u017cenie chleba\u201d,\nobrazy Jana Styki z 1889r., Go\u0142\u0119biowskiego i inne. Cz\u0119\u015b\u0107 obraz\u00f3w znajduje si\u0119 w\nzakrystii, cz\u0119\u015b\u0107 w Muzeum Diecezjalnym. Przy rozbudowie ko\u015bcio\u0142a pracowali tacy\narchitekci jak F. Kowalski&nbsp; (ucze\u0144\nMarconiego, g\u0142\u00f3wny architekt Kielc). Jedn\u0105 z kaplic jest kaplica pogrzebowa,\nkaplica Matki Boskiej Cz\u0119stochowskiej wybudowana przez kolejarzy i inne grupy\nobywateli kieleckich. S\u0105 2 organy, ambona rokokowa z 18 \/ 19 wieku, Droga\nKrzy\u017cowa, i inne wsp\u00f3\u0142czesne obrazy, pos\u0105gi, jak r\u00f3wnie\u017c tabernakulum wykonane\nz kieleckich marmur\u00f3w. Wewn\u0105trz ko\u015bcio\u0142a na \u015bcianach znajduj\u0105 liczne tablice \u2013\nepitafia po\u015bwi\u0119cone ludziom zas\u0142u\u017conym dla parafii i miasta, np. ksi\u0119dzu\n\u0106wikli\u0144skiemu zas\u0142u\u017conemu administratorowi parafii. W 1889r nast\u0119puje konsekracja\nko\u015bcio\u0142a i otrzyma\u0142a relikwie \u015bw. Wojciecha.<\/p>\n\n\n\n<p>Na dzwonnicy (bardzo zniszczone drewniane schody) s\u0105 2\ndzwony : Wojciech-1500kg z 1890r. i Maria \u2013 500 kg z 1950r. Wok\u00f3\u0142 ko\u015bcio\u0142a do\n1817r. istnia\u0142&nbsp; 1-szy w Kielcach cmentarz\ngrzebalny z 1762r., &nbsp;do dzi\u015b stoi figura\nChrystusa Frasobliwego \u2013tzw. \u201e latarnia umar\u0142ych\u201d. Na placu znajduje si\u0119 te\u017c\nrze\u017aba \u015bw. Wojciecha z 1997r. Do dzisiaj stoi&nbsp;\nbudynek wikariatu z tamtych czas\u00f3w, dzwonnica, ogrodzenie placu z\nbramami.<\/p>\n\n\n\n<p>Podczas prac archeologicznych w ko\u0144cu XX wieku odkryto\nkamienne fundamenty szpitala dla ubogich, ponadto resztki 300-letnich grob\u00f3w,\nceramik\u0119 przed lokacyjnych i inne elementy. W jednym z naro\u017cy obudowy placu\nko\u015bcielnego jest specjalny punkt, stwierdzaj\u0105cy, \u017ce tu istnia\u0142o pierwsze\nosadnictwo i jest to najstarszy \u015blad Kielc.<\/p>\n\n\n\n<p>Pan Krzysztof My\u015bli\u0144ski pokazuj\u0105c nam liczne slajdy dot.\nomawianego tematu i szczeg\u00f3\u0142owo omawiaj\u0105c dzieje kieleckiej \u015bwi\u0105tyni pozostawi\u0142\ns\u0142uchaczy w zadumie o by\u0142ych latach, pi\u0119knie naszych zabytk\u00f3w i barwnej prelekcji,\nza co serdecznie dzi\u0119kujemy. <\/p>\n\n\n\n<p>(Spacer do ko\u015bcio\u0142a odb\u0119dzie si\u0119 terminie p\u00f3\u017aniejszym po\nuzyskaniu zgody W\u0142adz Ko\u015bcielnych.)<\/p>\n\n\n\n<p>Pr\u00f3bowa\u0142a stre\u015bci\u0107 Bogda Matachowska a zdj\u0119cia wykona\u0142 Ryszard Misiorek.<\/p>\n\n\n\n<ul class=\"wp-block-gallery columns-3 is-cropped wp-block-gallery-1 is-layout-flex wp-block-gallery-is-layout-flex\"><li class=\"blocks-gallery-item\"><figure><a href=\"https:\/\/www.sutw-kielce.pl\/wp-content\/uploads\/2019\/11\/DSC03678-1024x985.jpg\"><img loading=\"lazy\" decoding=\"async\" width=\"1024\" height=\"985\" src=\"https:\/\/www.sutw-kielce.pl\/wp-content\/uploads\/2019\/11\/DSC03678-1024x985.jpg\" alt=\"\" data-id=\"3499\" data-link=\"https:\/\/www.sutw-kielce.pl\/?attachment_id=3499\" class=\"wp-image-3499\" srcset=\"https:\/\/www.sutw-kielce.pl\/wp-content\/uploads\/2019\/11\/DSC03678-1024x985.jpg 1024w, https:\/\/www.sutw-kielce.pl\/wp-content\/uploads\/2019\/11\/DSC03678-300x288.jpg 300w, https:\/\/www.sutw-kielce.pl\/wp-content\/uploads\/2019\/11\/DSC03678-768x738.jpg 768w\" sizes=\"(max-width: 1024px) 100vw, 1024px\" \/><\/a><\/figure><\/li><li class=\"blocks-gallery-item\"><figure><a href=\"https:\/\/www.sutw-kielce.pl\/wp-content\/uploads\/2019\/11\/DSC03688-926x1024.jpg\"><img loading=\"lazy\" decoding=\"async\" width=\"926\" height=\"1024\" src=\"https:\/\/www.sutw-kielce.pl\/wp-content\/uploads\/2019\/11\/DSC03688-926x1024.jpg\" alt=\"\" data-id=\"3500\" data-link=\"https:\/\/www.sutw-kielce.pl\/?attachment_id=3500\" class=\"wp-image-3500\" srcset=\"https:\/\/www.sutw-kielce.pl\/wp-content\/uploads\/2019\/11\/DSC03688-926x1024.jpg 926w, https:\/\/www.sutw-kielce.pl\/wp-content\/uploads\/2019\/11\/DSC03688-271x300.jpg 271w, https:\/\/www.sutw-kielce.pl\/wp-content\/uploads\/2019\/11\/DSC03688-768x849.jpg 768w\" sizes=\"(max-width: 926px) 100vw, 926px\" \/><\/a><\/figure><\/li><li class=\"blocks-gallery-item\"><figure><a href=\"https:\/\/www.sutw-kielce.pl\/wp-content\/uploads\/2019\/11\/DSC03689A-737x1024.jpg\"><img loading=\"lazy\" decoding=\"async\" width=\"737\" height=\"1024\" src=\"https:\/\/www.sutw-kielce.pl\/wp-content\/uploads\/2019\/11\/DSC03689A-737x1024.jpg\" alt=\"\" data-id=\"3502\" data-link=\"https:\/\/www.sutw-kielce.pl\/?attachment_id=3502\" class=\"wp-image-3502\" srcset=\"https:\/\/www.sutw-kielce.pl\/wp-content\/uploads\/2019\/11\/DSC03689A-737x1024.jpg 737w, https:\/\/www.sutw-kielce.pl\/wp-content\/uploads\/2019\/11\/DSC03689A-216x300.jpg 216w, https:\/\/www.sutw-kielce.pl\/wp-content\/uploads\/2019\/11\/DSC03689A-768x1067.jpg 768w, https:\/\/www.sutw-kielce.pl\/wp-content\/uploads\/2019\/11\/DSC03689A.jpg 1370w\" sizes=\"(max-width: 737px) 100vw, 737px\" \/><\/a><\/figure><\/li><li class=\"blocks-gallery-item\"><figure><a href=\"https:\/\/www.sutw-kielce.pl\/wp-content\/uploads\/2019\/11\/DSC03676-793x1024.jpg\"><img loading=\"lazy\" decoding=\"async\" width=\"793\" height=\"1024\" src=\"https:\/\/www.sutw-kielce.pl\/wp-content\/uploads\/2019\/11\/DSC03676-793x1024.jpg\" alt=\"\" data-id=\"3503\" data-link=\"https:\/\/www.sutw-kielce.pl\/?attachment_id=3503\" class=\"wp-image-3503\" srcset=\"https:\/\/www.sutw-kielce.pl\/wp-content\/uploads\/2019\/11\/DSC03676-793x1024.jpg 793w, https:\/\/www.sutw-kielce.pl\/wp-content\/uploads\/2019\/11\/DSC03676-232x300.jpg 232w, https:\/\/www.sutw-kielce.pl\/wp-content\/uploads\/2019\/11\/DSC03676-768x991.jpg 768w\" sizes=\"(max-width: 793px) 100vw, 793px\" \/><\/a><\/figure><\/li><li class=\"blocks-gallery-item\"><figure><a href=\"https:\/\/www.sutw-kielce.pl\/wp-content\/uploads\/2019\/11\/DSC03675-1024x768.jpg\"><img loading=\"lazy\" decoding=\"async\" width=\"1024\" height=\"768\" src=\"https:\/\/www.sutw-kielce.pl\/wp-content\/uploads\/2019\/11\/DSC03675-1024x768.jpg\" alt=\"\" data-id=\"3504\" data-link=\"https:\/\/www.sutw-kielce.pl\/?attachment_id=3504\" class=\"wp-image-3504\" srcset=\"https:\/\/www.sutw-kielce.pl\/wp-content\/uploads\/2019\/11\/DSC03675-1024x768.jpg 1024w, https:\/\/www.sutw-kielce.pl\/wp-content\/uploads\/2019\/11\/DSC03675-300x225.jpg 300w, https:\/\/www.sutw-kielce.pl\/wp-content\/uploads\/2019\/11\/DSC03675-768x576.jpg 768w\" sizes=\"(max-width: 1024px) 100vw, 1024px\" \/><\/a><\/figure><\/li><\/ul>\n","protected":false},"excerpt":{"rendered":"<p>Dzie\u0144 23 listopada 2019r. W Sali MHK zebra\u0142a si\u0119 du\u017ca ilo\u015b\u0107 os\u00f3b, aby w ramach Klubu \u201eNad Silnic\u0105\u201d wys\u0142ucha\u0107 prelekcji Krzysztofa My\u015bli\u0144skiego o najstarszym ko\u015bciele<a class=\"moretag\" href=\"https:\/\/www.sutw-kielce.pl\/?p=3505\"> [&#8230;]<\/a><\/p>\n","protected":false},"author":6,"featured_media":3498,"comment_status":"open","ping_status":"open","sticky":false,"template":"","format":"standard","meta":{"_bbp_topic_count":0,"_bbp_reply_count":0,"_bbp_total_topic_count":0,"_bbp_total_reply_count":0,"_bbp_voice_count":0,"_bbp_anonymous_reply_count":0,"_bbp_topic_count_hidden":0,"_bbp_reply_count_hidden":0,"_bbp_forum_subforum_count":0,"footnotes":""},"categories":[10],"tags":[],"_links":{"self":[{"href":"https:\/\/www.sutw-kielce.pl\/index.php?rest_route=\/wp\/v2\/posts\/3505"}],"collection":[{"href":"https:\/\/www.sutw-kielce.pl\/index.php?rest_route=\/wp\/v2\/posts"}],"about":[{"href":"https:\/\/www.sutw-kielce.pl\/index.php?rest_route=\/wp\/v2\/types\/post"}],"author":[{"embeddable":true,"href":"https:\/\/www.sutw-kielce.pl\/index.php?rest_route=\/wp\/v2\/users\/6"}],"replies":[{"embeddable":true,"href":"https:\/\/www.sutw-kielce.pl\/index.php?rest_route=%2Fwp%2Fv2%2Fcomments&post=3505"}],"version-history":[{"count":1,"href":"https:\/\/www.sutw-kielce.pl\/index.php?rest_route=\/wp\/v2\/posts\/3505\/revisions"}],"predecessor-version":[{"id":3506,"href":"https:\/\/www.sutw-kielce.pl\/index.php?rest_route=\/wp\/v2\/posts\/3505\/revisions\/3506"}],"wp:featuredmedia":[{"embeddable":true,"href":"https:\/\/www.sutw-kielce.pl\/index.php?rest_route=\/wp\/v2\/media\/3498"}],"wp:attachment":[{"href":"https:\/\/www.sutw-kielce.pl\/index.php?rest_route=%2Fwp%2Fv2%2Fmedia&parent=3505"}],"wp:term":[{"taxonomy":"category","embeddable":true,"href":"https:\/\/www.sutw-kielce.pl\/index.php?rest_route=%2Fwp%2Fv2%2Fcategories&post=3505"},{"taxonomy":"post_tag","embeddable":true,"href":"https:\/\/www.sutw-kielce.pl\/index.php?rest_route=%2Fwp%2Fv2%2Ftags&post=3505"}],"curies":[{"name":"wp","href":"https:\/\/api.w.org\/{rel}","templated":true}]}}