{"id":3465,"date":"2019-11-17T21:53:13","date_gmt":"2019-11-17T20:53:13","guid":{"rendered":"https:\/\/www.sutw-kielce.pl\/?p=3465"},"modified":"2019-11-17T22:02:59","modified_gmt":"2019-11-17T21:02:59","slug":"wincenty-pol-postac-malo-znana","status":"publish","type":"post","link":"https:\/\/www.sutw-kielce.pl\/?p=3465","title":{"rendered":"Wincenty Pol \u2013 posta\u0107 ma\u0142o znana"},"content":{"rendered":"\n<p>&nbsp;W dniu 16 listopada\n2019r. Miecia Pi\u0119tek licznie zebranym s\u0142uchaczom przedstawi\u0142a posta\u0107 Wincentego\nPOLA \u2013 zas\u0142u\u017conego Polaka, wielkiego patrioty ale&nbsp; obecnie ma\u0142o znanego. &nbsp;Wincenty Pol (20.04.1807 Lublin \u2013 2.12.1872\nKrak\u00f3w) , ojciec by\u0142 Niemcem z Warmii, urz\u0119dnikiem austriackim w Lublinie,\nmatka mia\u0142a korzenie francuskie.<\/p>\n\n\n\n<p>&nbsp;By\u0142 przystojny,\nsmuk\u0142y, w\u0105sy ozdobne, g\u0142os d\u017awi\u0119czny, maniery szlachecko-\u017co\u0142nierskie- tak go\nopisuj\u0105&nbsp; wsp\u00f3\u0142cze\u015bni mu pami\u0119tnikarze. Po\nprzeniesieniu si\u0119 rodziny do Lublina, &nbsp;ko\u0144czy tam Uniwersytet. Bierze czynny udzia\u0142 w\nPowstaniu Listopadowym , a za sw\u0105 bohatersk\u0105 postaw\u0119 otrzymuje stopie\u0144\npodoficerski i Order Virtuti Militari. <\/p>\n\n\n\n<p>Udaje si\u0119 na emigracj\u0119 i tam pomaga gen. J\u00f3zefowi Bemowi &nbsp;w opiece nad polskimi \u017co\u0142nierzami emigrantami.\nOd 1832r zmienia pogl\u0105dy na konserwatywne.<\/p>\n\n\n\n<p>Po d\u0142ugim okresie narzecze\u0144stwa zawiera zwi\u0105zek ma\u0142\u017ce\u0144ski z\nKorneli\u0105 Olszewsk\u0105 (ok.1811 -28.8.1855). Ze zwi\u0105zku rodzi si\u0119 czw\u00f3rka dzieci: &nbsp;Wincenty Hugo \u2013 doktor prawa, Julia \u2013\nopiekunka&nbsp; ojca, Zofia \u2013 \u017cona Eugeniusza\nPodolskiego i Stanis\u0142aw \u2013 uko\u0144czy\u0142 studia rolnicze.<\/p>\n\n\n\n<p>Podczas&nbsp; pobytu&nbsp; w Zakopanem interesuje si\u0119 Tatrami.&nbsp; Od 1836r. studiuje nauki przyrodnicze,\ngeografi\u0119, etnografi\u0119. Pisze \u201ePie\u015b\u0144 o ziemi naszej\u201d \u2013 poetycki opis region\u00f3w\nPolski. W 1835r&nbsp; wydaje \u201ePie\u015bni Janusza\u201d\n(pseudonim Pola) \u2013 51 wierszy, gdzie opiewa wolno\u015b\u0107, niepodleg\u0142o\u015b\u0107 Polski.\nWiersze wydane w Pary\u017cu s\u0105 \u015bpiewane w dworach szlacheckich, warsztatach, przez\nstudent\u00f3w. <\/p>\n\n\n\n<p>Od&nbsp; 1839r w\u0119druje\nprzez Karpaty Wschodnie, Wo\u0142y\u0144, Wielkopolsk\u0119, Kujawy. W\u0119druje konno, wozem,\npieszo, z barometrem, kompasem, notesem \u2013 tysi\u0105ce kilometr\u00f3w, prowadzi badania\nrze\u017aby&nbsp; terenu i klimatu.<\/p>\n\n\n\n<p>&nbsp; W 1846r.\npodczas&nbsp; powstania Jakuba Szeli zosta\u0142\npobity cepami, dr\u0105gami itp., podczas po\u017caru sp\u0142on\u0105\u0142 dw\u00f3r z mapami, dorobkiem\npoetyckim a Pol trafia do wi\u0119zienia we Lwowie. Wraca mizerny, zmienia pogl\u0105dy\nna antych\u0142opskie i antydemokratyczne, zamieszkuje we Lwowie pod nadzorem\npolicji. <\/p>\n\n\n\n<p>Podejmuje kolejne podr\u00f3\u017ce jak \u015al\u0105sk, Sudety, Wroc\u0142aw, jest\nor\u0119downikiem legalnej dzia\u0142alno\u015bci politycznej. Nauczy\u0142 nas kocha\u0107 ziemi\u0119\nrodzinn\u0105 od Odry do Dniepru.<\/p>\n\n\n\n<p>&nbsp;W 1849r. zostaje profesorem nadzwyczajnym Uniwersytetu Jagiello\u0144skiego, gdzie g\u0142\u00f3wnie wyk\u0142ada &nbsp;geografi\u0119, kartografi\u0119, hydrografi\u0119. Pisze podr\u0119cznik do geografii dla kleryk\u00f3w,&nbsp; za co otrzyma\u0142 Krzy\u017c Kawalerski Orderu \u015bw. Grzegorza od papie\u017ca Piusa IX. W 1853r. usuni\u0119ty jest z Uczelni za rzekom\u0105 nielojalno\u015b\u0107&nbsp; wobec zaborcy. <\/p>\n\n\n\n<p>Po \u015bmierci \u017cony w 1855r w\u0119druje przez Pokucie, Lw\u00f3w, Przemy\u015bl.\nTo on wymy\u015bli\u0142 nazw\u0119 Kresy. Nast\u0119puje pogorszenie wzroku, w 1868r. jest ju\u017c\ncz\u0142owiekiem ociemnia\u0142ym, ale prowadzi&nbsp;\nnaukowe \u017cycie w Krakowie. <\/p>\n\n\n\n<p>Jako 63-letni cz\u0142owiek po\u015blubia 32-letni\u0105 wdow\u0119 Aniel\u0119&nbsp; Ro\u015bciszewsk\u0105, spokojnie przeszli przez dalsze\nlata \u017cycia. W 1872r. jest cz\u0142onkiem Akademii Umiej\u0119tno\u015bci. Jego ostatni portret\nwykona\u0142 brat Albert (Chmielewski). Po \u015bmierci jego prochy zostaj\u0105 z\u0142o\u017cone w\nKrypcie Zas\u0142u\u017conych na Ska\u0142ce w Krakowie.<\/p>\n\n\n\n<p>Do czo\u0142owych utwor\u00f3w&nbsp;\nnapisanych przez Pola nale\u017cy mi.in. rapsod rycerski Mohort&nbsp; (1875r.) o kresowym rycerzu, obro\u0144cy wiary i\nojczyzny. Wielki wp\u0142yw na jego poezj\u0119 mieli tacy poeci romantyzmu&nbsp; jak Goethe, Schiller, Mickiewicz i inni.\nPoezj\u0119 Pola wszyscy znali, \u015bpiewali, recytowali. <\/p>\n\n\n\n<p>Kto nawet&nbsp; teraz nie zna takich wierszy jak: \u201ePi\u0119kna nasza Polska ca\u0142a\/ pi\u0119kna, \u017cyzna i niema\u0142a\/&nbsp; wiele krain, wiele lud\u00f3w\/ wiele stolic\/ wiele cud\u00f3w\/ lecz najmilsze i najzdrowsze\/ przecie\u017c cz\u0142eku jest Mazowsze.\u201d Albo \u201ePi\u0119kna jak jagoda\/ krakowianka m\u0142oda\/ wysz\u0142a na podw\u00f3rze\/ patrzy na Podg\u00f3rze na Podg\u00f3rzu stoj\u0105\/ powr\u00f3ci\u0107 si\u0119 boj\u0105\/ krakowiacy \u015bmiali\/ co bili Moskali\u201d\u2026. A tego wiersza nie znacie: \u201ePie\u015b\u0144 o ziemi naszej\/a czy znasz ty bracie m\u0142ody\/ twoje ziemie, twoje wody?\/ Z czego s\u0142yn\u0105, k\u0119dy gin\u0105\/ w jakim kraju i dunaju?\/\u2026..\u201d A to recytuj\u0105 nasze przedszkolaki: \u201e W g\u00f3ry! W g\u00f3ry, mi\u0142y bracie! Tam swoboda czeka na ci\u0119\u2026..\u201d<\/p>\n\n\n\n<p>Wincenty Pol to jedna z najwybitniejszych postaci \u2013 Polak\u00f3w- w XIX wieku. Jego burzliwe \u017cycie przypada na okres nieudanych powsta\u0144 narodowych, bunt\u00f3w ch\u0142opskich i Wiosny Lud\u00f3w, To wra\u017cliwy cz\u0142owiek o ogromnym uroku osobistym, dzia\u0142acz polityczny i spo\u0142eczny,&nbsp; filozof&nbsp; z wykszta\u0142cenia, poeta, samouk \u2013 geograf, zmagaj\u0105cy si\u0119 cz\u0119sto z ludzk\u0105 zawi\u015bci\u0105 i niesprawiedliwymi ocenami, oddany bezgranicznie narodowej sprawie Polski. Za zas\u0142ugi dla Polski utworzono w Lublinie Muzeum Jemu po\u015bwi\u0119cone.<\/p>\n\n\n\n<p>Prelekcja Mieci by\u0142a bardzo ciekawa, pokazywa\u0142a wiele\ndrobiazg\u00f3w i fakt\u00f3w z \u017cycia poety, cytowa\u0142a urywki list\u00f3w, pami\u0119tnik\u00f3w,&nbsp; a biografi\u0105 poety wszyscy byli\nzainteresowani. Danusia Zamojska pokazywa\u0142a slajdy zwi\u0105zane&nbsp; z Jego postaci\u0105. <\/p>\n\n\n\n<p style=\"text-align:center\">Obu Paniom serdecznie dzi\u0119kujemy.<\/p>\n\n\n\n<p style=\"text-align:center\">Pr\u00f3bowa\u0142a stre\u015bci\u0107&nbsp; Bogda Matachowska,       zdj\u0119cia Ryszard Misiorek &#8211; dzi\u0119kujemy<\/p>\n\n\n\n<ul class=\"wp-block-gallery columns-4 is-cropped wp-block-gallery-1 is-layout-flex wp-block-gallery-is-layout-flex\"><li class=\"blocks-gallery-item\"><figure><a href=\"https:\/\/www.sutw-kielce.pl\/wp-content\/uploads\/2019\/11\/DSC03671-764x1024.jpg\"><img loading=\"lazy\" decoding=\"async\" width=\"764\" height=\"1024\" src=\"https:\/\/www.sutw-kielce.pl\/wp-content\/uploads\/2019\/11\/DSC03671-764x1024.jpg\" alt=\"\" data-id=\"3462\" data-link=\"https:\/\/www.sutw-kielce.pl\/?attachment_id=3462\" class=\"wp-image-3462\" srcset=\"https:\/\/www.sutw-kielce.pl\/wp-content\/uploads\/2019\/11\/DSC03671-764x1024.jpg 764w, https:\/\/www.sutw-kielce.pl\/wp-content\/uploads\/2019\/11\/DSC03671-224x300.jpg 224w, https:\/\/www.sutw-kielce.pl\/wp-content\/uploads\/2019\/11\/DSC03671-768x1030.jpg 768w\" sizes=\"(max-width: 764px) 100vw, 764px\" \/><\/a><\/figure><\/li><li class=\"blocks-gallery-item\"><figure><a href=\"https:\/\/www.sutw-kielce.pl\/wp-content\/uploads\/2019\/11\/DSC03668-1024x839.jpg\"><img loading=\"lazy\" decoding=\"async\" width=\"1024\" height=\"839\" src=\"https:\/\/www.sutw-kielce.pl\/wp-content\/uploads\/2019\/11\/DSC03668-1024x839.jpg\" alt=\"\" data-id=\"3461\" data-link=\"https:\/\/www.sutw-kielce.pl\/?attachment_id=3461\" class=\"wp-image-3461\" srcset=\"https:\/\/www.sutw-kielce.pl\/wp-content\/uploads\/2019\/11\/DSC03668-1024x839.jpg 1024w, https:\/\/www.sutw-kielce.pl\/wp-content\/uploads\/2019\/11\/DSC03668-300x246.jpg 300w, https:\/\/www.sutw-kielce.pl\/wp-content\/uploads\/2019\/11\/DSC03668-768x630.jpg 768w\" sizes=\"(max-width: 1024px) 100vw, 1024px\" \/><\/a><\/figure><\/li><li class=\"blocks-gallery-item\"><figure><a href=\"https:\/\/www.sutw-kielce.pl\/wp-content\/uploads\/2019\/11\/DSC03666-1024x832.jpg\"><img loading=\"lazy\" decoding=\"async\" width=\"1024\" height=\"832\" src=\"https:\/\/www.sutw-kielce.pl\/wp-content\/uploads\/2019\/11\/DSC03666-1024x832.jpg\" alt=\"\" data-id=\"3464\" data-link=\"https:\/\/www.sutw-kielce.pl\/?attachment_id=3464\" class=\"wp-image-3464\" srcset=\"https:\/\/www.sutw-kielce.pl\/wp-content\/uploads\/2019\/11\/DSC03666-1024x832.jpg 1024w, https:\/\/www.sutw-kielce.pl\/wp-content\/uploads\/2019\/11\/DSC03666-300x244.jpg 300w, https:\/\/www.sutw-kielce.pl\/wp-content\/uploads\/2019\/11\/DSC03666-768x624.jpg 768w\" sizes=\"(max-width: 1024px) 100vw, 1024px\" \/><\/a><\/figure><\/li><li class=\"blocks-gallery-item\"><figure><a href=\"https:\/\/www.sutw-kielce.pl\/wp-content\/uploads\/2019\/11\/DSC03670-1018x1024.jpg\"><img loading=\"lazy\" decoding=\"async\" width=\"1018\" height=\"1024\" src=\"https:\/\/www.sutw-kielce.pl\/wp-content\/uploads\/2019\/11\/DSC03670-1018x1024.jpg\" alt=\"\" data-id=\"3463\" data-link=\"https:\/\/www.sutw-kielce.pl\/?attachment_id=3463\" class=\"wp-image-3463\" srcset=\"https:\/\/www.sutw-kielce.pl\/wp-content\/uploads\/2019\/11\/DSC03670-1018x1024.jpg 1018w, https:\/\/www.sutw-kielce.pl\/wp-content\/uploads\/2019\/11\/DSC03670-150x150.jpg 150w, https:\/\/www.sutw-kielce.pl\/wp-content\/uploads\/2019\/11\/DSC03670-298x300.jpg 298w, https:\/\/www.sutw-kielce.pl\/wp-content\/uploads\/2019\/11\/DSC03670-768x773.jpg 768w\" sizes=\"(max-width: 1018px) 100vw, 1018px\" \/><\/a><\/figure><\/li><\/ul>\n","protected":false},"excerpt":{"rendered":"<p>&nbsp;W dniu 16 listopada 2019r. Miecia Pi\u0119tek licznie zebranym s\u0142uchaczom przedstawi\u0142a posta\u0107 Wincentego POLA \u2013 zas\u0142u\u017conego Polaka, wielkiego patrioty ale&nbsp; obecnie ma\u0142o znanego. &nbsp;Wincenty Pol<a class=\"moretag\" href=\"https:\/\/www.sutw-kielce.pl\/?p=3465\"> [&#8230;]<\/a><\/p>\n","protected":false},"author":6,"featured_media":3461,"comment_status":"open","ping_status":"open","sticky":false,"template":"","format":"standard","meta":{"_bbp_topic_count":0,"_bbp_reply_count":0,"_bbp_total_topic_count":0,"_bbp_total_reply_count":0,"_bbp_voice_count":0,"_bbp_anonymous_reply_count":0,"_bbp_topic_count_hidden":0,"_bbp_reply_count_hidden":0,"_bbp_forum_subforum_count":0,"footnotes":""},"categories":[10],"tags":[],"_links":{"self":[{"href":"https:\/\/www.sutw-kielce.pl\/index.php?rest_route=\/wp\/v2\/posts\/3465"}],"collection":[{"href":"https:\/\/www.sutw-kielce.pl\/index.php?rest_route=\/wp\/v2\/posts"}],"about":[{"href":"https:\/\/www.sutw-kielce.pl\/index.php?rest_route=\/wp\/v2\/types\/post"}],"author":[{"embeddable":true,"href":"https:\/\/www.sutw-kielce.pl\/index.php?rest_route=\/wp\/v2\/users\/6"}],"replies":[{"embeddable":true,"href":"https:\/\/www.sutw-kielce.pl\/index.php?rest_route=%2Fwp%2Fv2%2Fcomments&post=3465"}],"version-history":[{"count":3,"href":"https:\/\/www.sutw-kielce.pl\/index.php?rest_route=\/wp\/v2\/posts\/3465\/revisions"}],"predecessor-version":[{"id":3468,"href":"https:\/\/www.sutw-kielce.pl\/index.php?rest_route=\/wp\/v2\/posts\/3465\/revisions\/3468"}],"wp:featuredmedia":[{"embeddable":true,"href":"https:\/\/www.sutw-kielce.pl\/index.php?rest_route=\/wp\/v2\/media\/3461"}],"wp:attachment":[{"href":"https:\/\/www.sutw-kielce.pl\/index.php?rest_route=%2Fwp%2Fv2%2Fmedia&parent=3465"}],"wp:term":[{"taxonomy":"category","embeddable":true,"href":"https:\/\/www.sutw-kielce.pl\/index.php?rest_route=%2Fwp%2Fv2%2Fcategories&post=3465"},{"taxonomy":"post_tag","embeddable":true,"href":"https:\/\/www.sutw-kielce.pl\/index.php?rest_route=%2Fwp%2Fv2%2Ftags&post=3465"}],"curies":[{"name":"wp","href":"https:\/\/api.w.org\/{rel}","templated":true}]}}