{"id":13715,"date":"2026-05-01T10:31:28","date_gmt":"2026-05-01T08:31:28","guid":{"rendered":"https:\/\/www.sutw-kielce.pl\/?p=13715"},"modified":"2026-05-01T10:31:28","modified_gmt":"2026-05-01T08:31:28","slug":"teneryfa-w-programie-erasmus","status":"publish","type":"post","link":"https:\/\/www.sutw-kielce.pl\/?p=13715","title":{"rendered":"Teneryfa w programie Erasmus+"},"content":{"rendered":"\n<p><strong>Teneryfa<br>\u015aWI\u0118TOKRZYSKI UTW W PROGRAMIE ERASMUS+<br>FINANSOWANYM PRZEZ UE<\/strong><\/p>\n\n\n\n<p>\u015awi\u0119tokrzyski Uniwersytet Trzeciego Wieku realizowa\u0142 projekt pn. \u201eOkno na \u015bwiat \u2013 europejskie mobilno\u015bci gwarancj\u0105 rozwoju \u015awi\u0119tokrzyskiego UTW\u201d dofinansowanego przez Unie Europejsk\u0105. Projekt realizowany jest <br>w ramach programu Erasmus+ Akcja Kluczowa 1: Mobilno\u015b\u0107 edukacyjna os\u00f3b w sektorze Edukacja doros\u0142ych.<br>Zaplanowane w projekcie dzia\u0142ania wynikaj\u0105 z potrzeb i wyzwa\u0144 stoj\u0105cych przed \u015aUTW:<\/p>\n\n\n\n<ul>\n<li>potrzeby rozwijania kompetencji os\u00f3b doros\u0142ych niezb\u0119dnych w codziennym funkcjonowaniu;<\/li>\n\n\n\n<li>potrzeba doskonalenia kadry \u015aUTW, umiej\u0119tno\u015bci organizacyjnych, merytorycznych w zakresie nowych metod edukacyjnych, j\u0119zykowych i spo\u0142ecznych;<\/li>\n\n\n\n<li>potrzeba rozwijania europejskiego wymiaru \u015aUTW;<br>W ramach tego projektu trzy przedstawicielki kadry edukacyjno-szkoleniowej \u015aUTW wzi\u0119\u0142y udzia\u0142 <br>w dziesi\u0119ciodniowym kursie o tematyce:<br>\u201eObs\u0142uga narz\u0119dzi ICT. Medi\u00f3w spo\u0142eczno\u015bciowych i obr\u00f3bka plik\u00f3w multimedialnych\u201d. Kurs odby\u0142 si\u0119 <br>w Hiszpanii, na Teneryfie w Puerto de la Cruz.<\/li>\n<\/ul>\n\n\n\n<p><strong>MIEJSCE KURSU<\/strong><\/p>\n\n\n\n<p>Puerto de la Cruz to miasto i gmina w p\u00f3\u0142nocnej cz\u0119\u015bci Teneryfy, najwi\u0119kszej z hiszpa\u0144skich Wysp Kanaryjskich. Nad wysp\u0105 dominuje Teide, u\u015bpiony wulkan znany jako najwy\u017cszy szczyt Hiszpanii.<br>Puerto de la Cruz s\u0142ynie z czarnych pla\u017c z wulkanicznym piaskiem. Nad morzem w centrum miasta znajduje si\u0119 Lago Martianez, kompleks basen\u00f3w ze s\u0142on\u0105 wod\u0105 zaprojektowany przez znanego architekta Cesara Manrique. <br>W starym porcie znajduje si\u0119 XVII-wieczny Urz\u0105d Celny oraz Bateria de Santa Barbara \u2013 fort z XVIII wieku. Miasto po\u0142o\u017cone jest na wzg\u00f3rzach, a strome uliczki dodaj\u0105 mu uroku.<br>Puerto de la Cruz mo\u017ce zachwyca\u0107 architektur\u0105 i przyrod\u0105, a tak\u017ce dba\u0142o\u015bci\u0105 o czysto\u015b\u0107 i \u017cyczliwo\u015bci\u0105 mieszka\u0144c\u00f3w. Zapewne dlatego zawsze wype\u0142nione jest turystami.<\/p>\n\n\n\n<p><strong>PRZYGOTOWANIE DO UDZIA\u0141U W PROGRAMIE<\/strong><\/p>\n\n\n\n<p>W ramach przygotowania uczestnik\u00f3w do mobilno\u015bci wzi\u0119\u0142y\u015bmy udzia\u0142 w zaj\u0119ciach zorganizowanych przez \u015awi\u0119tokrzyski UTW.<br>Odby\u0142y\u015bmy nast\u0119puj\u0105ce szkolenia:<\/p>\n\n\n\n<ul>\n<li>Zaj\u0119cia z j\u0119zyka angielskiego w zakresie s\u0142ownictwa oraz zwrot\u00f3w niezb\u0119dnych w codziennym komunikowaniu si\u0119, s\u0142ownictwa zwi\u0105zanego z tematyk\u0105 mobilno\u015bci w liczbie 20 godzin;<\/li>\n\n\n\n<li>Zaj\u0119cia kulturowe maj\u0105ce na celu przybli\u017cenie tematyki zwi\u0105zanej z obyczajowo\u015bci\u0105, kultur\u0105, kuchni\u0105 oraz zwyczajami panuj\u0105cymi w Hiszpanii. (Zaj\u0119cia te wzbogacili\u015bmy podstawowym kursem j\u0119zyka hiszpa\u0144skiego) \u2013 6 godzin;<\/li>\n\n\n\n<li>Zaj\u0119cia pedagogiczne maj\u0105ce na celu integracj\u0119 grupy, doskonalenie umiej\u0119tno\u015bci komunikacji interpersonalnej, przygotowanie do pobytu w odmiennych warunkach, w obcym mi\u0119dzynarodowym \u015brodowisku \u2013 6 godzin;<\/li>\n<\/ul>\n\n\n\n<p><strong>UCZESTNICY KURSU<\/strong><\/p>\n\n\n\n<p>Kurs \u201eKorzystanie z narz\u0119dzi ICT, medi\u00f3w spo\u0142eczno\u015bciowych i przetwarzanie plik\u00f3w multimedialnych\u201d odbywa\u0142 si\u0119 w terminie 8 lutego do 19 lutego 2026 r.<br>W kursie w Puerto de la Cruz bra\u0142y udzia\u0142 trzy trzyosobowe zespo\u0142y delegowane z Uniwersytet\u00f3w Trzeciego Wieku: UTW z Andrychowa, Kieleckiego UTW \u201ePonad Czasem\u201d i \u015awi\u0119tokrzyskiego UTW.<br>Przyjazna atmosfera sprzyja\u0142a wymianie do\u015bwiadcze\u0144 dotycz\u0105cych dzia\u0142alno\u015bci naszych UTW, udzia\u0142u w projektach Erasmus+ oraz pracy z komputerem. By\u0142o nam mi\u0142o sp\u0119dza\u0107 ze sob\u0105 czas nie tylko w czasie szkole\u0144.<\/p>\n\n\n\n<p><strong>PROGRAM SZKOLENIA \u201eKORZYSTANIE Z NARZ\u0118DZI ICT,<br>MEDI\u00d3W SPO\u0141ECZNO\u015aCIOWYCH I PRZETWARZANIE PLIK\u00d3W MULTIMEDIALNYCH\u201d<\/strong><\/p>\n\n\n\n<p>Kurs odbywa\u0142 si\u0119 w j\u0119zyku angielskim, kadra edukacyjna by\u0142a mi\u0119dzynarodowa. Pracowa\u0142y\u015bmy na w\u0142asnym prywatnym sprz\u0119cie.<br>Najpierw odby\u0142a si\u0119 ocena potrzeb i oczekiwa\u0144 i dyskusja na temat, w jaki spos\u00f3b najnowsze trendy mog\u0105 realnie poprawi\u0107 jako\u015b\u0107 i dost\u0119pno\u015b\u0107 edukacji doros\u0142ych.<br>Kurs mia\u0142 charakter praktyczny, wykonywali\u015bmy zadania grupowe i indywidualne. Do naszych zada\u0144 nale\u017ca\u0142o:<\/p>\n\n\n\n<ul>\n<li>poznanie trend\u00f3w w nowych technologiach oraz zmian w metodach nauczania i uczenia si\u0119 doros\u0142ych;<\/li>\n\n\n\n<li>przegl\u0105d wybranych cyfrowych tablic i ocena ich funkcjonalno\u015bci;<\/li>\n\n\n\n<li>przekszta\u0142canie w\u0142asnego urz\u0105dzenia w interaktywne narz\u0119dzie do wsp\u00f3\u0142pracy;<\/li>\n\n\n\n<li>przechowywanie, udost\u0119pnianie i porz\u0105dkowanie tre\u015bci;<\/li>\n\n\n\n<li>tworzenie slajd\u00f3w, grafik i podsumowa\u0144 wizualnych;<\/li>\n\n\n\n<li>tworzenie wirtualnej tablicy integruj\u0105cej r\u00f3\u017cne media \u2013 dodawanie zdj\u0119\u0107, film\u00f3w, d\u017awi\u0119ku, link\u00f3w<br> i notatek;<\/li>\n\n\n\n<li>zapoznanie si\u0119 z narz\u0119dziem CANVA i ocenienie jego przydatno\u015bci w pracy UTW;<\/li>\n\n\n\n<li>tworzenie prezentacji z aktywnymi ankietami i quizami;<\/li>\n\n\n\n<li>projektowanie grafik i materia\u0142\u00f3w wizualnych maj\u0105cych na celu u\u0142atwienie przyswajania tre\u015bci;<\/li>\n\n\n\n<li>testowanie i eksploracja narz\u0119dzi edukacyjnych opartych na grach, tworzenie i prowadzenie cyfrowej gry grupowej;<\/li>\n\n\n\n<li>poznanie metod niekonwencjonalnego nauczania (np. mikroedukacja, nauczanie hybrydowe);<\/li>\n\n\n\n<li>analiza przyk\u0142ad\u00f3w wykorzystania sztucznej inteligencji, wykorzystanie AI do tworzenia plan\u00f3w zaj\u0119\u0107, nauki j\u0119zyka obcego; tworzenie r\u00f3\u017cnego rodzaju tekst\u00f3w; tworzenie awatara;<\/li>\n\n\n\n<li>tworzenie prezentacji z elementami interaktywnymi;<\/li>\n\n\n\n<li>tworzenie tekst\u00f3w, ankiet i interaktywnych quiz\u00f3w;<\/li>\n\n\n\n<li>tworzenie w\u0142asnej gamifikacji \u2013 struktury gamifikacji dostosowanej do w\u0142asnych zaj\u0119\u0107;<\/li>\n\n\n\n<li>tworzenie w\u0142asnych zestaw\u00f3w aplikacji wspieraj\u0105cych nauczanie;<br>Szkolenie obejmowa\u0142o tak\u017ce dyskusje na temat omawianych zagadnie\u0144, wymian\u0119 do\u015bwiadcze\u0144 z dzia\u0142alno\u015bci UTW czy te\u017c poszerzanie czy u\u015bci\u015blanie wiedzy wed\u0142ug zg\u0142oszonych pyta\u0144.<br>Zaj\u0119cia, cho\u0107 nie\u0142atwe, nie sprawia\u0142y nam przykro\u015bci, bo prowadz\u0105cy byli kompetentni, przyja\u017ani <br>i stwarzali mi\u0142\u0105 atmosfer\u0119.<\/li>\n<\/ul>\n\n\n\n<p><strong>DOSKONALI\u0141Y\u015aMY TE\u017b INNE UMIEJ\u0118TNO\u015aCI STOSOWANIA NOWOCZESNEJ TECHNOLOGII<\/strong><\/p>\n\n\n\n<p>Korzystanie z komputera to jedno, ale przecie\u017c ustawicznie korzysta\u0142y\u015bmy te\u017c ze smartfon\u00f3w. Robi\u0142y\u015bmy zdj\u0119cia<br> i korzysta\u0142y\u015bmy z wielu aplikacji. Dzieli\u0142y\u015bmy si\u0119 te\u017c w\u0142asn\u0105 wiedz\u0105, spostrze\u017ceniami i umiej\u0119tno\u015bciami. Za\u0142o\u017cy\u0142y\u015bmy w\u0142asn\u0105 grup\u0119 na WhatsAppie, na kt\u00f3rej wymienia\u0142y\u015bmy si\u0119 informacjami, pomys\u0142ami i zdj\u0119ciami.<\/p>\n\n\n\n<p><strong>PODNIOS\u0141Y\u015aMY POZIOMUMIEJ\u0118TNO\u015aCI W ZAKRESIE STOSOWANIA<br>J\u0118ZYKA ANGIELSKIEGO<\/strong><\/p>\n\n\n\n<p>W ramach zaj\u0119\u0107 stosowany by\u0142 j\u0119zyk angielski. Poziom pos\u0142ugiwania si\u0119 tym j\u0119zykiem by\u0142 r\u00f3\u017cny w\u015br\u00f3d kursant\u00f3w. Jednak zar\u00f3wno prowadz\u0105cy zaj\u0119cia jak i uczestnicy dbali o to, by wszyscy rozumieli tre\u015bci i byli aktywni. A \u017ce szkolenie dotyczy\u0142o nowoczesnych technologii, to czasem te\u017c korzystali\u015bmy z translator\u00f3w. <br>Ze wzgl\u0119du na to, \u017ce by\u0142 to kurs, kt\u00f3ry mo\u017cna by nazwa\u0107 komputerowym, poznali\u015bmy wiele s\u0142ownictwa specjalistycznego.<br>Pos\u0142ugiwa\u0142y\u015bmy si\u0119 te\u017c j\u0119zykiem angielskim w codziennej komunikacji \u2013 z obs\u0142ug\u0105 hotelu, w sklepach, biurze podr\u00f3\u017cy, punktach gastronomicznych, w rozmowach z przewodnikamiitp.<br>Zna\u0142y\u015bmy te\u017c podstawowe zwroty grzeczno\u015bciowe i s\u0142owa przydatne w j\u0119zyku hiszpa\u0144skim. Pos\u0142ugiwanie si\u0119 nimi zjednywa\u0142o nam sympati\u0119 tamtejszego otoczenia.<\/p>\n\n\n\n<p><strong>OCENI\u0141Y\u015aMY NASZ UDZIA\u0141 W PROJEKCIE<\/strong><\/p>\n\n\n\n<p>Nasz kurs odby\u0142 si\u0119 w komfortowych warunkach. Szkolenie odbywa\u0142o si\u0119 w salach seminaryjnych hotelu Marqueza, w kt\u00f3rym by\u0142y\u015bmy zakwaterowane. Hotel po\u0142o\u017cony by\u0142 w centrum, oferowa\u0142 bardzo dobre warunki<br> i \u015bwietne wy\u017cywienie. Kurs by\u0142 dobrze zorganizowany, da\u0142o si\u0119 zauwa\u017cy\u0107 elastyczne podej\u015bcie, by dostosowa\u0107 efekty uczenia si\u0119 do indywidualnych potrzeb i umiej\u0119tno\u015bci w zakresie ICT uczestnik\u00f3w.<br>Zdoby\u0142y\u015bmy umiej\u0119tno\u015bci podnosz\u0105ce na wy\u017cszy poziom nasz\u0105 wiedz\u0119 i praktyk\u0119. Uwa\u017camy, \u017ce umiej\u0119tno\u015bci te s\u0105 przydatne naszemu \u015aUTW i s\u0105 mo\u017cliwe do wdro\u017cenia w jego dzia\u0142alno\u015bci.<br>Dzi\u0119ki kursowi mia\u0142y\u015bmy przegl\u0105d nowych technologii i mo\u017cliwo\u015bci \u0142\u0105czenia ICT z edukacj\u0105. Pozna\u0142y\u015bmy najwa\u017cniejsze sieci spo\u0142eczno\u015bciowe i mo\u017cliwo\u015bci ich integracji z edukacj\u0105. Zdoby\u0142y\u015bmy podstawy do projektowania strony internetowej czy bloga, a nawet platformy e-learningowej. Pozna\u0142y\u015bmy aplikacje<br> i rozwi\u0105zania internetowe przydatne w nowoczesnej edukacji.<br>Wykaza\u0142y\u015bmy si\u0119 zainteresowaniem i aktywno\u015bci\u0105.<br>Dzi\u0119ki zagranicznemu partnerowi doceni\u0142y\u015bmy potencja\u0142 wsp\u00f3\u0142pracy mi\u0119dzynarodowej, zwi\u0119kszy\u0142y\u015bmy kompetencje w zakresie pos\u0142ugiwania si\u0119 j\u0119zykiem angielskim, zg\u0142\u0119bi\u0142y\u015bmy wiedz\u0119 o kulturze hiszpa\u0144skiej <br>i o Unii Europejskiej.<br>Udzia\u0142 w kursie na Teneryfie da\u0142 nam wiele satysfakcji i przyjemno\u015bci.<\/p>\n\n\n\n<p><strong>TENERYFKI<\/strong>: Miros\u0142awa Bana\u015b, Barbara Grzesiak, Anna Krzyczkowska <\/p>\n\n\n\n<figure class=\"wp-block-gallery has-nested-images columns-default is-cropped wp-block-gallery-1 is-layout-flex wp-block-gallery-is-layout-flex\">\n<figure class=\"wp-block-image size-large\"><a href=\"https:\/\/www.sutw-kielce.pl\/wp-content\/uploads\/2026\/05\/IMG-20260209-WA0000.jpg\"><img loading=\"lazy\" decoding=\"async\" width=\"768\" height=\"1024\" data-id=\"13717\" src=\"https:\/\/www.sutw-kielce.pl\/wp-content\/uploads\/2026\/05\/IMG-20260209-WA0000-768x1024.jpg\" alt=\"\" class=\"wp-image-13717\" srcset=\"https:\/\/www.sutw-kielce.pl\/wp-content\/uploads\/2026\/05\/IMG-20260209-WA0000-768x1024.jpg 768w, https:\/\/www.sutw-kielce.pl\/wp-content\/uploads\/2026\/05\/IMG-20260209-WA0000-225x300.jpg 225w, https:\/\/www.sutw-kielce.pl\/wp-content\/uploads\/2026\/05\/IMG-20260209-WA0000-1152x1536.jpg 1152w, https:\/\/www.sutw-kielce.pl\/wp-content\/uploads\/2026\/05\/IMG-20260209-WA0000.jpg 1200w\" sizes=\"(max-width: 768px) 100vw, 768px\" \/><\/a><\/figure>\n\n\n\n<figure class=\"wp-block-image size-large\"><a href=\"https:\/\/www.sutw-kielce.pl\/wp-content\/uploads\/2026\/05\/IMG-20260209-WA0001.jpg\"><img loading=\"lazy\" decoding=\"async\" width=\"1024\" height=\"768\" data-id=\"13721\" src=\"https:\/\/www.sutw-kielce.pl\/wp-content\/uploads\/2026\/05\/IMG-20260209-WA0001-1024x768.jpg\" alt=\"\" class=\"wp-image-13721\" srcset=\"https:\/\/www.sutw-kielce.pl\/wp-content\/uploads\/2026\/05\/IMG-20260209-WA0001-1024x768.jpg 1024w, https:\/\/www.sutw-kielce.pl\/wp-content\/uploads\/2026\/05\/IMG-20260209-WA0001-300x225.jpg 300w, https:\/\/www.sutw-kielce.pl\/wp-content\/uploads\/2026\/05\/IMG-20260209-WA0001-768x576.jpg 768w, https:\/\/www.sutw-kielce.pl\/wp-content\/uploads\/2026\/05\/IMG-20260209-WA0001-1536x1152.jpg 1536w, https:\/\/www.sutw-kielce.pl\/wp-content\/uploads\/2026\/05\/IMG-20260209-WA0001.jpg 1600w\" sizes=\"(max-width: 1024px) 100vw, 1024px\" \/><\/a><\/figure>\n\n\n\n<figure class=\"wp-block-image size-large\"><a href=\"https:\/\/www.sutw-kielce.pl\/wp-content\/uploads\/2026\/05\/IMG-20260209-WA0003.jpg\"><img loading=\"lazy\" decoding=\"async\" width=\"768\" height=\"1024\" data-id=\"13720\" src=\"https:\/\/www.sutw-kielce.pl\/wp-content\/uploads\/2026\/05\/IMG-20260209-WA0003-768x1024.jpg\" alt=\"\" class=\"wp-image-13720\" srcset=\"https:\/\/www.sutw-kielce.pl\/wp-content\/uploads\/2026\/05\/IMG-20260209-WA0003-768x1024.jpg 768w, https:\/\/www.sutw-kielce.pl\/wp-content\/uploads\/2026\/05\/IMG-20260209-WA0003-225x300.jpg 225w, https:\/\/www.sutw-kielce.pl\/wp-content\/uploads\/2026\/05\/IMG-20260209-WA0003-1152x1536.jpg 1152w, https:\/\/www.sutw-kielce.pl\/wp-content\/uploads\/2026\/05\/IMG-20260209-WA0003.jpg 1200w\" sizes=\"(max-width: 768px) 100vw, 768px\" \/><\/a><\/figure>\n\n\n\n<figure class=\"wp-block-image size-large\"><a href=\"https:\/\/www.sutw-kielce.pl\/wp-content\/uploads\/2026\/05\/IMG-20260209-WA0004.jpg\"><img loading=\"lazy\" decoding=\"async\" width=\"1024\" height=\"768\" data-id=\"13722\" src=\"https:\/\/www.sutw-kielce.pl\/wp-content\/uploads\/2026\/05\/IMG-20260209-WA0004-1024x768.jpg\" alt=\"\" class=\"wp-image-13722\" srcset=\"https:\/\/www.sutw-kielce.pl\/wp-content\/uploads\/2026\/05\/IMG-20260209-WA0004-1024x768.jpg 1024w, https:\/\/www.sutw-kielce.pl\/wp-content\/uploads\/2026\/05\/IMG-20260209-WA0004-300x225.jpg 300w, https:\/\/www.sutw-kielce.pl\/wp-content\/uploads\/2026\/05\/IMG-20260209-WA0004-768x576.jpg 768w, https:\/\/www.sutw-kielce.pl\/wp-content\/uploads\/2026\/05\/IMG-20260209-WA0004-1536x1152.jpg 1536w, https:\/\/www.sutw-kielce.pl\/wp-content\/uploads\/2026\/05\/IMG-20260209-WA0004.jpg 1600w\" sizes=\"(max-width: 1024px) 100vw, 1024px\" \/><\/a><\/figure>\n\n\n\n<figure class=\"wp-block-image size-large\"><a href=\"https:\/\/www.sutw-kielce.pl\/wp-content\/uploads\/2026\/05\/IMG-20260209-WA0007.jpg\"><img loading=\"lazy\" decoding=\"async\" width=\"1024\" height=\"768\" data-id=\"13718\" src=\"https:\/\/www.sutw-kielce.pl\/wp-content\/uploads\/2026\/05\/IMG-20260209-WA0007-1024x768.jpg\" alt=\"\" class=\"wp-image-13718\" srcset=\"https:\/\/www.sutw-kielce.pl\/wp-content\/uploads\/2026\/05\/IMG-20260209-WA0007-1024x768.jpg 1024w, https:\/\/www.sutw-kielce.pl\/wp-content\/uploads\/2026\/05\/IMG-20260209-WA0007-300x225.jpg 300w, https:\/\/www.sutw-kielce.pl\/wp-content\/uploads\/2026\/05\/IMG-20260209-WA0007-768x576.jpg 768w, https:\/\/www.sutw-kielce.pl\/wp-content\/uploads\/2026\/05\/IMG-20260209-WA0007-1536x1152.jpg 1536w, https:\/\/www.sutw-kielce.pl\/wp-content\/uploads\/2026\/05\/IMG-20260209-WA0007.jpg 1600w\" sizes=\"(max-width: 1024px) 100vw, 1024px\" \/><\/a><\/figure>\n\n\n\n<figure class=\"wp-block-image size-large\"><a href=\"https:\/\/www.sutw-kielce.pl\/wp-content\/uploads\/2026\/05\/IMG-20260210-WA0009.jpg\"><img loading=\"lazy\" decoding=\"async\" width=\"1024\" height=\"768\" data-id=\"13725\" src=\"https:\/\/www.sutw-kielce.pl\/wp-content\/uploads\/2026\/05\/IMG-20260210-WA0009-1024x768.jpg\" alt=\"\" class=\"wp-image-13725\" srcset=\"https:\/\/www.sutw-kielce.pl\/wp-content\/uploads\/2026\/05\/IMG-20260210-WA0009-1024x768.jpg 1024w, https:\/\/www.sutw-kielce.pl\/wp-content\/uploads\/2026\/05\/IMG-20260210-WA0009-300x225.jpg 300w, https:\/\/www.sutw-kielce.pl\/wp-content\/uploads\/2026\/05\/IMG-20260210-WA0009-768x576.jpg 768w, https:\/\/www.sutw-kielce.pl\/wp-content\/uploads\/2026\/05\/IMG-20260210-WA0009-1536x1152.jpg 1536w, https:\/\/www.sutw-kielce.pl\/wp-content\/uploads\/2026\/05\/IMG-20260210-WA0009.jpg 2040w\" sizes=\"(max-width: 1024px) 100vw, 1024px\" \/><\/a><\/figure>\n\n\n\n<figure class=\"wp-block-image size-large\"><a href=\"https:\/\/www.sutw-kielce.pl\/wp-content\/uploads\/2026\/05\/IMG-20260211-WA0015.jpg\"><img loading=\"lazy\" decoding=\"async\" width=\"1024\" height=\"768\" data-id=\"13723\" src=\"https:\/\/www.sutw-kielce.pl\/wp-content\/uploads\/2026\/05\/IMG-20260211-WA0015-1024x768.jpg\" alt=\"\" class=\"wp-image-13723\" srcset=\"https:\/\/www.sutw-kielce.pl\/wp-content\/uploads\/2026\/05\/IMG-20260211-WA0015-1024x768.jpg 1024w, https:\/\/www.sutw-kielce.pl\/wp-content\/uploads\/2026\/05\/IMG-20260211-WA0015-300x225.jpg 300w, https:\/\/www.sutw-kielce.pl\/wp-content\/uploads\/2026\/05\/IMG-20260211-WA0015-768x576.jpg 768w, https:\/\/www.sutw-kielce.pl\/wp-content\/uploads\/2026\/05\/IMG-20260211-WA0015-1536x1152.jpg 1536w, https:\/\/www.sutw-kielce.pl\/wp-content\/uploads\/2026\/05\/IMG-20260211-WA0015.jpg 1600w\" sizes=\"(max-width: 1024px) 100vw, 1024px\" \/><\/a><\/figure>\n\n\n\n<figure class=\"wp-block-image size-large\"><a href=\"https:\/\/www.sutw-kielce.pl\/wp-content\/uploads\/2026\/05\/IMG-20260218-WA0003.jpg\"><img loading=\"lazy\" decoding=\"async\" width=\"1024\" height=\"768\" data-id=\"13724\" src=\"https:\/\/www.sutw-kielce.pl\/wp-content\/uploads\/2026\/05\/IMG-20260218-WA0003-1024x768.jpg\" alt=\"\" class=\"wp-image-13724\" srcset=\"https:\/\/www.sutw-kielce.pl\/wp-content\/uploads\/2026\/05\/IMG-20260218-WA0003-1024x768.jpg 1024w, https:\/\/www.sutw-kielce.pl\/wp-content\/uploads\/2026\/05\/IMG-20260218-WA0003-300x225.jpg 300w, https:\/\/www.sutw-kielce.pl\/wp-content\/uploads\/2026\/05\/IMG-20260218-WA0003-768x576.jpg 768w, https:\/\/www.sutw-kielce.pl\/wp-content\/uploads\/2026\/05\/IMG-20260218-WA0003-1536x1152.jpg 1536w, https:\/\/www.sutw-kielce.pl\/wp-content\/uploads\/2026\/05\/IMG-20260218-WA0003.jpg 1600w\" sizes=\"(max-width: 1024px) 100vw, 1024px\" \/><\/a><\/figure>\n\n\n\n<figure class=\"wp-block-image size-large\"><a href=\"https:\/\/www.sutw-kielce.pl\/wp-content\/uploads\/2026\/05\/IMG-20260218-WA0005.jpg\"><img loading=\"lazy\" decoding=\"async\" width=\"1024\" height=\"768\" data-id=\"13719\" src=\"https:\/\/www.sutw-kielce.pl\/wp-content\/uploads\/2026\/05\/IMG-20260218-WA0005-1024x768.jpg\" alt=\"\" class=\"wp-image-13719\" srcset=\"https:\/\/www.sutw-kielce.pl\/wp-content\/uploads\/2026\/05\/IMG-20260218-WA0005-1024x768.jpg 1024w, https:\/\/www.sutw-kielce.pl\/wp-content\/uploads\/2026\/05\/IMG-20260218-WA0005-300x225.jpg 300w, https:\/\/www.sutw-kielce.pl\/wp-content\/uploads\/2026\/05\/IMG-20260218-WA0005-768x576.jpg 768w, https:\/\/www.sutw-kielce.pl\/wp-content\/uploads\/2026\/05\/IMG-20260218-WA0005-1536x1152.jpg 1536w, https:\/\/www.sutw-kielce.pl\/wp-content\/uploads\/2026\/05\/IMG-20260218-WA0005.jpg 1600w\" sizes=\"(max-width: 1024px) 100vw, 1024px\" \/><\/a><\/figure>\n<\/figure>\n","protected":false},"excerpt":{"rendered":"<p>Teneryfa\u015aWI\u0118TOKRZYSKI UTW W PROGRAMIE ERASMUS+FINANSOWANYM PRZEZ UE \u015awi\u0119tokrzyski Uniwersytet Trzeciego Wieku realizowa\u0142 projekt pn. \u201eOkno na \u015bwiat \u2013 europejskie mobilno\u015bci gwarancj\u0105 rozwoju \u015awi\u0119tokrzyskiego UTW\u201d dofinansowanego<a class=\"moretag\" href=\"https:\/\/www.sutw-kielce.pl\/?p=13715\"> [&#8230;]<\/a><\/p>\n","protected":false},"author":5,"featured_media":13719,"comment_status":"closed","ping_status":"open","sticky":false,"template":"","format":"standard","meta":{"_bbp_topic_count":0,"_bbp_reply_count":0,"_bbp_total_topic_count":0,"_bbp_total_reply_count":0,"_bbp_voice_count":0,"_bbp_anonymous_reply_count":0,"_bbp_topic_count_hidden":0,"_bbp_reply_count_hidden":0,"_bbp_forum_subforum_count":0,"footnotes":""},"categories":[5],"tags":[36],"_links":{"self":[{"href":"https:\/\/www.sutw-kielce.pl\/index.php?rest_route=\/wp\/v2\/posts\/13715"}],"collection":[{"href":"https:\/\/www.sutw-kielce.pl\/index.php?rest_route=\/wp\/v2\/posts"}],"about":[{"href":"https:\/\/www.sutw-kielce.pl\/index.php?rest_route=\/wp\/v2\/types\/post"}],"author":[{"embeddable":true,"href":"https:\/\/www.sutw-kielce.pl\/index.php?rest_route=\/wp\/v2\/users\/5"}],"replies":[{"embeddable":true,"href":"https:\/\/www.sutw-kielce.pl\/index.php?rest_route=%2Fwp%2Fv2%2Fcomments&post=13715"}],"version-history":[{"count":2,"href":"https:\/\/www.sutw-kielce.pl\/index.php?rest_route=\/wp\/v2\/posts\/13715\/revisions"}],"predecessor-version":[{"id":13726,"href":"https:\/\/www.sutw-kielce.pl\/index.php?rest_route=\/wp\/v2\/posts\/13715\/revisions\/13726"}],"wp:featuredmedia":[{"embeddable":true,"href":"https:\/\/www.sutw-kielce.pl\/index.php?rest_route=\/wp\/v2\/media\/13719"}],"wp:attachment":[{"href":"https:\/\/www.sutw-kielce.pl\/index.php?rest_route=%2Fwp%2Fv2%2Fmedia&parent=13715"}],"wp:term":[{"taxonomy":"category","embeddable":true,"href":"https:\/\/www.sutw-kielce.pl\/index.php?rest_route=%2Fwp%2Fv2%2Fcategories&post=13715"},{"taxonomy":"post_tag","embeddable":true,"href":"https:\/\/www.sutw-kielce.pl\/index.php?rest_route=%2Fwp%2Fv2%2Ftags&post=13715"}],"curies":[{"name":"wp","href":"https:\/\/api.w.org\/{rel}","templated":true}]}}