{"id":13709,"date":"2026-04-30T14:43:13","date_gmt":"2026-04-30T12:43:13","guid":{"rendered":"https:\/\/www.sutw-kielce.pl\/?p=13709"},"modified":"2026-04-30T14:46:56","modified_gmt":"2026-04-30T12:46:56","slug":"projekt-erasmus-turcja","status":"publish","type":"post","link":"https:\/\/www.sutw-kielce.pl\/?p=13709","title":{"rendered":"Projekt Erasmus + ,  Turcja"},"content":{"rendered":"\n<p>Silna Dru\u017cyna Odkrywc\u00f3w Przesz\u0142o\u015bci (i Tera\u017aniejszo\u015bci) wr\u00f3ci\u0142a w\u0142a\u015bnie ca\u0142o i zdrowo ze zwiadu w Turcji.  <br>Za dni kilka zapraszamy do Galerii \u2013 podzielimy si\u0119 najlepszymi fotkami, a dzisiaj prosimy zapoznanie si\u0119 <br>z fascynuj\u0105c\u0105 histori\u0105 Wyprawy.<\/p>\n\n\n\n<p style=\"font-size:18px\"><strong>Lot<\/strong><\/p>\n\n\n\n<p style=\"font-size:16px\">Mro\u017any poranek<br>Lecimy w nieznane<br>Lotnisko nas wita<br>O reszt\u0119 wstyd pyta\u0107.<\/p>\n\n\n\n<p>Lecimy LOT-em<br>Tam i z powrotem<br>Samolot ma dwa skrzyd\u0142a, ale ogon jeden<br>Zwiastuje sukces czy te\u017c mo\u017ce bied\u0119?<\/p>\n\n\n\n<p>Lecimy mijaj\u0105c chmurki<br>I nieznane g\u00f3rki<br>By wyl\u0105dowa\u0107 na l\u0105dzie<br>I po stambulskim lotniczym porcie b\u0142\u0105dzi\u0107<\/p>\n\n\n\n<p>Tu bramka, tam ta\u015bma ruchoma<br>Trzy kilometry trzeba pokona\u0107<br>Przez megafon g\u0142os jaki\u015b gada<br>Porad\u0119 goni porada,<\/p>\n\n\n\n<p>\u017be baga\u017c jest nie do odnalezienia<br>Je\u015bli kierunku nie b\u0119dziemy zmienia\u0107<br>Uff! Walizki s\u0105 ca\u0142e i p\u00f3\u0142 litra zdrowe<br>Prze\u017cyli\u015bmy podr\u00f3\u017cy po\u0142ow\u0119.<\/p>\n\n\n\n<p style=\"font-size:18px\"><strong>W Stambule<\/strong><\/p>\n\n\n\n<p>Hotelik niewielki, ale uroczy<br>Ciekawe, jak dalej nasz pobyt b\u0119dzie si\u0119 toczy\u0142?<br>Mi\u0142a obs\u0142uga herbatk\u0119 nam parzy<br>A z herbatk\u0105 ka\u017cdej i ka\u017cdemu do twarzy<\/p>\n\n\n\n<p>Schodzimy na \u015bniadanie<br>A tam smaczne danie goni inne danie<br>Jedzenie do wyboru<br>Czynimy to z ch\u0119ci\u0105 bez \u017cadnego oporu<\/p>\n\n\n\n<p>Obiady na pocz\u0105tku ostre by\u0142y w smaku<br>Cierpi\u0119 z powodu schabowego braku<br>Lecz pami\u0119taj Polaku, muzu\u0142manie nie jedz\u0105 wieprzowiny<br>Nie widz\u0119 w tym \u017cadnej ich winy.<\/p>\n\n\n\n<p style=\"font-size:18px\"><strong>Zwiedzanie<\/strong><\/p>\n\n\n\n<p>Pi\u0119kna \u017co\u0142nierka w d\u0142oni z karabinem<br>Ujrza\u0142a m\u0105 zachwycon\u0105 i zdziwion\u0105 min\u0119<br>Ona nas obroni przed nieznanym wrogiem<br>Kt\u00f3ry mo\u017ce czyha\u0107 za meczetu progiem.<\/p>\n\n\n\n<p style=\"font-size:18px\"><strong>B\u0142\u0119kitny Meczet<\/strong><\/p>\n\n\n\n<p>Wszyscy bez but\u00f3w, kobiety w chustach sun\u0105 po dywanach czerwonych<br>Rozgl\u0105daj\u0105c si\u0119 na wszystkie kulistej kopu\u0142y strony<br>W\u0119drujemy po B\u0142\u0119kitnym Meczecie nie kryj\u0105c podziwu<br>To nie z\u0142uda, lecz widok prawdziwy.<\/p>\n\n\n\n<p style=\"font-size:18px\"><strong>Hagia Sofia<\/strong><\/p>\n\n\n\n<p>1700 \u2013 letnia historia a\u017c tryska zdarzeniami<br>Tak jakby by\u0142a zawsze, cho\u0107 jest teraz z nami<br>Hagia Sophia to o niej wam m\u00f3wi\u0119<br>Cho\u0107 od nadmiaru historycznych zdarze\u0144 w\u0105tek ci\u0105gle gubi\u0119.<\/p>\n\n\n\n<p style=\"font-size:18px\"><strong>Bazar<\/strong><\/p>\n\n\n\n<p>Wielki bazar b\u0142yszczy z\u0142otem, pachnie przyprawami<br>Od czasu do czasu kusz\u0105c s\u0142odyczami<br>Turek zaprasza do \u015brodka<br>By z jego towarem si\u0119 spotka\u0107.<\/p>\n\n\n\n<p style=\"font-size:18px\"><strong>Podr\u00f3\u017c statkiem<\/strong><\/p>\n\n\n\n<p>Statek motorowy<br>Dzielony na dwie po\u0142owy<br>Jedna na g\u00f3rze, druga na dole a po bokach mewy<br>I wiatru powiewy.<\/p>\n\n\n\n<p>Z jednej strony Stambu\u0142 z drugiej o dziwo te\u017c<br>Podzielony jak ciasto ulicami po\u015br\u00f3d minaret\u00f3w wie\u017c<br>Widoki nieziemskie, jak\u017ce od polskich odmienne<br>Warto zapami\u0119ta\u0107 to co dla nas inne a dla nich codzienne.<\/p>\n\n\n\n<p style=\"font-size:18px\"><strong>Ko\u015bci\u00f3\u0142 katolicki<\/strong><\/p>\n\n\n\n<p>Ko\u015bci\u00f3\u0142ek zagubiony w przepysznej dzielnicy<br>Wchodzimy do niego prosto z ulicy<br>W ka\u017cd\u0105 niedziel\u0119 o jedenastej trzydzie\u015bci<br>Polak\u00f3w w sobie pr\u00f3buje pomie\u015bci\u0107.<\/p>\n\n\n\n<p style=\"font-size:18px\"><strong>Epilog<\/strong><\/p>\n\n\n\n<p>Mo\u017cna by wiele pisa\u0107 o naszym w Stambule pobycie<br>Ja to w kilku s\u0142owach uchwyc\u0119<br>Przyjrzeli\u015bmy si\u0119 ludziom i ich obyczajom<br>Cho\u0107 czasami co\u015b innego od nas w g\u0142owie maj\u0105.<\/p>\n\n\n\n<p>By\u0142o pi\u0119knie, interesuj\u0105co, ciekawie<br>Tyle mog\u0119 powiedzie\u0107 w tej sprawie<br>Le\u0107cie do Stambu\u0142u, cieszcie si\u0119 jego urokiem<br>On jest \u015bwiat\u0142em po\u0142udnia a nie p\u00f3\u0142nocnym mrokiem.<\/p>\n\n\n\n<p>Wojciech Grotecki <br> dn.30.04.2026.<\/p>\n","protected":false},"excerpt":{"rendered":"<p>Silna Dru\u017cyna Odkrywc\u00f3w Przesz\u0142o\u015bci (i Tera\u017aniejszo\u015bci) wr\u00f3ci\u0142a w\u0142a\u015bnie ca\u0142o i zdrowo ze zwiadu w Turcji. Za dni kilka zapraszamy do Galerii \u2013 podzielimy si\u0119 najlepszymi<a class=\"moretag\" href=\"https:\/\/www.sutw-kielce.pl\/?p=13709\"> [&#8230;]<\/a><\/p>\n","protected":false},"author":5,"featured_media":13710,"comment_status":"closed","ping_status":"open","sticky":false,"template":"","format":"standard","meta":{"_bbp_topic_count":0,"_bbp_reply_count":0,"_bbp_total_topic_count":0,"_bbp_total_reply_count":0,"_bbp_voice_count":0,"_bbp_anonymous_reply_count":0,"_bbp_topic_count_hidden":0,"_bbp_reply_count_hidden":0,"_bbp_forum_subforum_count":0,"footnotes":""},"categories":[5],"tags":[36],"_links":{"self":[{"href":"https:\/\/www.sutw-kielce.pl\/index.php?rest_route=\/wp\/v2\/posts\/13709"}],"collection":[{"href":"https:\/\/www.sutw-kielce.pl\/index.php?rest_route=\/wp\/v2\/posts"}],"about":[{"href":"https:\/\/www.sutw-kielce.pl\/index.php?rest_route=\/wp\/v2\/types\/post"}],"author":[{"embeddable":true,"href":"https:\/\/www.sutw-kielce.pl\/index.php?rest_route=\/wp\/v2\/users\/5"}],"replies":[{"embeddable":true,"href":"https:\/\/www.sutw-kielce.pl\/index.php?rest_route=%2Fwp%2Fv2%2Fcomments&post=13709"}],"version-history":[{"count":3,"href":"https:\/\/www.sutw-kielce.pl\/index.php?rest_route=\/wp\/v2\/posts\/13709\/revisions"}],"predecessor-version":[{"id":13714,"href":"https:\/\/www.sutw-kielce.pl\/index.php?rest_route=\/wp\/v2\/posts\/13709\/revisions\/13714"}],"wp:featuredmedia":[{"embeddable":true,"href":"https:\/\/www.sutw-kielce.pl\/index.php?rest_route=\/wp\/v2\/media\/13710"}],"wp:attachment":[{"href":"https:\/\/www.sutw-kielce.pl\/index.php?rest_route=%2Fwp%2Fv2%2Fmedia&parent=13709"}],"wp:term":[{"taxonomy":"category","embeddable":true,"href":"https:\/\/www.sutw-kielce.pl\/index.php?rest_route=%2Fwp%2Fv2%2Fcategories&post=13709"},{"taxonomy":"post_tag","embeddable":true,"href":"https:\/\/www.sutw-kielce.pl\/index.php?rest_route=%2Fwp%2Fv2%2Ftags&post=13709"}],"curies":[{"name":"wp","href":"https:\/\/api.w.org\/{rel}","templated":true}]}}