{"id":13666,"date":"2026-04-26T10:59:35","date_gmt":"2026-04-26T08:59:35","guid":{"rendered":"https:\/\/www.sutw-kielce.pl\/?p=13666"},"modified":"2026-04-26T10:59:35","modified_gmt":"2026-04-26T08:59:35","slug":"forum-seniora-wdk","status":"publish","type":"post","link":"https:\/\/www.sutw-kielce.pl\/?p=13666","title":{"rendered":"Forum Seniora &#8211; WDK"},"content":{"rendered":"\n<p>29 kwietnia 2026 roku w\u00a0Wojew\u00f3dzkim Domu Kultury w Kielcach\u00a0odb\u0119dzie si\u0119 kolejna edycja Forum Seniora \u2013 wydarzenia skierowanego do os\u00f3b starszych, zainteresowanych zdrowym i aktywnym stylem \u017cycia. <br>Udzia\u0142 w spotkaniu jest bezp\u0142atny, jednak wymaga wcze\u015bniejszej rejestracji. <br><br>Organizatorem spotkania jest redakcja\u00a0Echa Dnia, a partnerem g\u0142\u00f3wnym\u00a0Urz\u0105d Marsza\u0142kowski Wojew\u00f3dztwa \u015awi\u0119tokrzyskiego. <br><br><\/p>\n\n\n\n<p>Rejestracja online: <a href=\"https:\/\/www.webankieta.pl\/...\/forum-seniora-kielce-2026?fbclid=IwZXh0bgNhZW0CMTAAYnJpZBEwSURNcjZVZ2N5eUhMVnBEY3NydGMGYXBwX2lkEDIyMjAzOTE3ODgyMDA4OTIAAR7pJWqXFkDrdHWUUj8CHGxar3XMZqgBBFI2EZTmuNnjCQBemTrraM7fDO0WkQ_aem_ZNaGEjrnlw1RG4BVWP-6HQ\" rel=\"noreferrer noopener\" target=\"_blank\">https:\/\/www.webankieta.pl\/&#8230;\/forum-seniora-kielce-2026<\/a>&#8230;<\/p>\n\n\n\n<p>Zapisy telefoniczne: Monika St\u0119plowska &#8211; 500 324 367<\/p>\n","protected":false},"excerpt":{"rendered":"<p>29 kwietnia 2026 roku w\u00a0Wojew\u00f3dzkim Domu Kultury w Kielcach\u00a0odb\u0119dzie si\u0119 kolejna edycja Forum Seniora \u2013 wydarzenia skierowanego do os\u00f3b starszych, zainteresowanych zdrowym i aktywnym stylem<a class=\"moretag\" href=\"https:\/\/www.sutw-kielce.pl\/?p=13666\"> [&#8230;]<\/a><\/p>\n","protected":false},"author":5,"featured_media":13667,"comment_status":"closed","ping_status":"open","sticky":false,"template":"","format":"standard","meta":{"_bbp_topic_count":0,"_bbp_reply_count":0,"_bbp_total_topic_count":0,"_bbp_total_reply_count":0,"_bbp_voice_count":0,"_bbp_anonymous_reply_count":0,"_bbp_topic_count_hidden":0,"_bbp_reply_count_hidden":0,"_bbp_forum_subforum_count":0,"footnotes":""},"categories":[4],"tags":[63],"_links":{"self":[{"href":"https:\/\/www.sutw-kielce.pl\/index.php?rest_route=\/wp\/v2\/posts\/13666"}],"collection":[{"href":"https:\/\/www.sutw-kielce.pl\/index.php?rest_route=\/wp\/v2\/posts"}],"about":[{"href":"https:\/\/www.sutw-kielce.pl\/index.php?rest_route=\/wp\/v2\/types\/post"}],"author":[{"embeddable":true,"href":"https:\/\/www.sutw-kielce.pl\/index.php?rest_route=\/wp\/v2\/users\/5"}],"replies":[{"embeddable":true,"href":"https:\/\/www.sutw-kielce.pl\/index.php?rest_route=%2Fwp%2Fv2%2Fcomments&post=13666"}],"version-history":[{"count":1,"href":"https:\/\/www.sutw-kielce.pl\/index.php?rest_route=\/wp\/v2\/posts\/13666\/revisions"}],"predecessor-version":[{"id":13668,"href":"https:\/\/www.sutw-kielce.pl\/index.php?rest_route=\/wp\/v2\/posts\/13666\/revisions\/13668"}],"wp:featuredmedia":[{"embeddable":true,"href":"https:\/\/www.sutw-kielce.pl\/index.php?rest_route=\/wp\/v2\/media\/13667"}],"wp:attachment":[{"href":"https:\/\/www.sutw-kielce.pl\/index.php?rest_route=%2Fwp%2Fv2%2Fmedia&parent=13666"}],"wp:term":[{"taxonomy":"category","embeddable":true,"href":"https:\/\/www.sutw-kielce.pl\/index.php?rest_route=%2Fwp%2Fv2%2Fcategories&post=13666"},{"taxonomy":"post_tag","embeddable":true,"href":"https:\/\/www.sutw-kielce.pl\/index.php?rest_route=%2Fwp%2Fv2%2Ftags&post=13666"}],"curies":[{"name":"wp","href":"https:\/\/api.w.org\/{rel}","templated":true}]}}