{"id":12756,"date":"2025-11-21T18:27:00","date_gmt":"2025-11-21T17:27:00","guid":{"rendered":"https:\/\/www.sutw-kielce.pl\/?p=12756"},"modified":"2025-11-21T18:34:47","modified_gmt":"2025-11-21T17:34:47","slug":"erasmus-25-26r-listy-rankingowe","status":"publish","type":"post","link":"https:\/\/www.sutw-kielce.pl\/?p=12756","title":{"rendered":"Erasmus+  (25-26r) &#8211; Listy rankingowe"},"content":{"rendered":"\n<p class=\"has-text-align-center\" style=\"font-size:18px\"><strong>Lista g\u0142\u00f3wna kandydat\u00f3w zakwalifikowanych do udzia\u0142u<br>w mobilno\u015bci grupowej doros\u0142ych ucz\u0105cych si\u0119 realizowanej<br>w ramach projektu pn.<\/strong><\/p>\n\n\n\n<p class=\"has-text-align-center\"><strong>&nbsp;\u201eOkno na \u015bwiat \u2013 europejskie mobilno\u015bci gwarancj\u0105 rozwoju \u015awi\u0119tokrzyskiego UTW\u201d<\/strong><\/p>\n\n\n\n<p class=\"has-text-align-center\"><strong>nr <\/strong><strong>2025-1-PL01-KA122-ADU-000317732<\/strong><strong><\/strong><\/p>\n\n\n\n<figure class=\"wp-block-table\"><table><tbody><tr><td>Lp.<\/td><td>Imi\u0119 i nazwisko<\/td><\/tr><tr><td>&nbsp;01<\/td><td>Rudawska Ewa<\/td><\/tr><tr><td>&nbsp;02<\/td><td>Kotwica \u2013 Martin Gra\u017cyna<\/td><\/tr><tr><td>&nbsp;03<\/td><td>Pastuszko Maria<\/td><\/tr><tr><td>&nbsp;04<\/td><td>Chabinka Janina<\/td><\/tr><tr><td>&nbsp;05<\/td><td>Gremba Teresa<\/td><\/tr><tr><td>&nbsp;06<\/td><td>Kobus Gra\u017cyna<\/td><\/tr><tr><td>&nbsp;07<\/td><td>Kotowska Wies\u0142awa<\/td><\/tr><tr><td>&nbsp;08<\/td><td>Wedder Zofia<\/td><\/tr><tr><td>&nbsp;09<\/td><td>St\u0119pie\u0144 Beata<\/td><\/tr><tr><td>&nbsp;10<\/td><td>Grotecki Wojciech<\/td><\/tr><tr><td>&nbsp;11<\/td><td>Zygu\u0142a Krzysztof<\/td><\/tr><tr><td>&nbsp;12<\/td><td>D\u0119biec Krystyna<\/td><\/tr><\/tbody><\/table><\/figure>\n\n\n\n<p class=\"has-text-align-center\"><br><strong>Lista REZERWOWA kandydat\u00f3w do udzia\u0142u<br>w mobilno\u015bci grupowej doros\u0142ych ucz\u0105cych si\u0119 realizowanej<br>w ramach projektu pn.<\/strong><\/p>\n\n\n\n<p class=\"has-text-align-center\"><strong>&nbsp;\u201eOkno na \u015bwiat \u2013 europejskie mobilno\u015bci gwarancj\u0105 rozwoju \u015awi\u0119tokrzyskiego UTW\u201d<\/strong><\/p>\n\n\n\n<p class=\"has-text-align-center\"><strong>nr <\/strong><strong>2025-1-PL01-KA122-ADU-000317732<\/strong><strong><\/strong><\/p>\n\n\n\n<figure class=\"wp-block-table\"><table><tbody><tr><td><br>Lp.<\/td><td>Imi\u0119 i nazwisko<\/td><\/tr><tr><td>01&nbsp;<\/td><td>G\u0142owacka Gra\u017cyna<\/td><\/tr><tr><td>02<\/td><td>Januszewska Ewa<\/td><\/tr><tr><td>03&nbsp;<\/td><td>Dul\u0119ba Marzena<\/td><\/tr><\/tbody><\/table><\/figure>\n\n\n\n<p class=\"has-text-align-center\"><strong>Lista kandydat\u00f3w odrzuconych ze wzgl\u0119du na<\/strong><\/p>\n\n\n\n<p class=\"has-text-align-center\"><strong>niespe\u0142nienie kryterium formalnego do udzia\u0142u<br>w mobilno\u015bci grupowej doros\u0142ych ucz\u0105cych si\u0119 realizowanej<br>w ramach projektu pn.<\/strong><\/p>\n\n\n\n<p class=\"has-text-align-center\"><strong>&nbsp;\u201eOkno na \u015bwiat \u2013 europejskie mobilno\u015bci gwarancj\u0105 rozwoju \u015awi\u0119tokrzyskiego UTW\u201d<\/strong><\/p>\n\n\n\n<p class=\"has-text-align-center\"><strong>nr <\/strong><strong>2025-1-PL01-KA122-ADU-000317732<\/strong><strong><\/strong><\/p>\n\n\n\n<figure class=\"wp-block-table\"><table><tbody><tr><td>Lp.<\/td><td>Imi\u0119 i nazwisko<\/td><\/tr><tr><td>&nbsp;<\/td><td>&nbsp;<\/td><\/tr><\/tbody><\/table><\/figure>\n\n\n\n<p>Kandydaci, kt\u00f3rzy nie zostali zakwalifikowani do projektu mog\u0105 z\u0142o\u017cy\u0107 odwo\u0142anie na pi\u015bmie<br>wraz z uzasadnieniem w biurze \u015aUTW do dnia 25.11.25 r.<br>Odwo\u0142ania zostan\u0105 rozpatrzone do dnia 26\/.11,25. r.<\/p>\n\n\n\n<p><\/p>\n\n\n<div class=\"wp-block-image\">\n<figure class=\"aligncenter size-full\"><img loading=\"lazy\" decoding=\"async\" width=\"307\" height=\"61\" src=\"https:\/\/www.sutw-kielce.pl\/wp-content\/uploads\/2025\/10\/Unia-Europ.-dofinansowanie-erasmus-1.jpg\" alt=\"\" class=\"wp-image-12541\" srcset=\"https:\/\/www.sutw-kielce.pl\/wp-content\/uploads\/2025\/10\/Unia-Europ.-dofinansowanie-erasmus-1.jpg 307w, https:\/\/www.sutw-kielce.pl\/wp-content\/uploads\/2025\/10\/Unia-Europ.-dofinansowanie-erasmus-1-300x60.jpg 300w\" sizes=\"(max-width: 307px) 100vw, 307px\" \/><\/figure><\/div>\n\n\n<p><\/p>\n\n\n\n<p><\/p>\n\n\n\n<p class=\"has-text-align-center\" style=\"font-size:18px\"><strong>Lista g\u0142\u00f3wna kandydat\u00f3w zakwalifikowanych do udzia\u0142u<br>w kursach realizowanych w ramach projektu pn.<\/strong><\/p>\n\n\n\n<p class=\"has-text-align-center\"><strong>&nbsp;\u201eOkno na \u015bwiat \u2013 europejskie mobilno\u015bci gwarancj\u0105 rozwoju \u015awi\u0119tokrzyskiego UTW\u201d<\/strong><\/p>\n\n\n\n<p class=\"has-text-align-center\"><strong>nr <\/strong><strong>2025-1-PL01-KA122-ADU-000317732<\/strong><strong><\/strong><\/p>\n\n\n\n<figure class=\"wp-block-table\"><table><tbody><tr><td>Lp.<\/td><td>Imi\u0119 i nazwisko<\/td><\/tr><tr><td>&nbsp;01<\/td><td>Bana\u015b Miros\u0142awa<\/td><\/tr><tr><td>&nbsp;02<\/td><td>Dula Jadwiga<\/td><\/tr><tr><td>&nbsp;03<\/td><td>Grzesiak Barbara<\/td><\/tr><tr><td>04&nbsp;<\/td><td>J\u0119drasik Stanis\u0142awa<\/td><\/tr><tr><td>05<\/td><td>Krzyczkowska Anna<\/td><\/tr><tr><td>06<\/td><td>Wnuczy\u0144ska Gra\u017cyna<\/td><\/tr><tr><td>07<\/td><td>Iwan El\u017cbieta<\/td><\/tr><tr><td>08&nbsp;<\/td><td>Kotwica Ma\u0142gorzata<\/td><\/tr><tr><td>&nbsp;09<\/td><td>K\u0119dzia Anna<\/td><\/tr><\/tbody><\/table><\/figure>\n\n\n\n<p class=\"has-text-align-center\"><br><strong>Lista REZERWOWA kandydat\u00f3w do udzia\u0142u<br>w kursach realizowanych w ramach projektu pn.<\/strong><\/p>\n\n\n\n<p class=\"has-text-align-center\"><strong>&nbsp;\u201eOkno na \u015bwiat \u2013 europejskie mobilno\u015bci gwarancj\u0105 rozwoju \u015awi\u0119tokrzyskiego UTW\u201d<\/strong><\/p>\n\n\n\n<p class=\"has-text-align-center\"><strong>nr <\/strong><strong>2025-1-PL01-KA122-ADU-000317732<\/strong><strong><\/strong><\/p>\n\n\n\n<figure class=\"wp-block-table\"><table><tbody><tr><td><br>Lp.<\/td><td>Imi\u0119 i nazwisko<\/td><\/tr><tr><td>&nbsp;<\/td><td>&nbsp;<\/td><\/tr><\/tbody><\/table><\/figure>\n\n\n\n<p class=\"has-text-align-center\"><strong>Lista kandydat\u00f3w odrzuconych ze wzgl\u0119du <\/strong><br><br><strong>na<\/strong> <strong>niespe\u0142nienie kryterium formalnego do udzia\u0142u<br>w kursach realizowanych w ramach projektu pn.<\/strong><\/p>\n\n\n\n<p class=\"has-text-align-center\"><strong>&nbsp;\u201eOkno na \u015bwiat \u2013 europejskie mobilno\u015bci gwarancj\u0105 rozwoju \u015awi\u0119tokrzyskiego UTW\u201d<\/strong><\/p>\n\n\n\n<p class=\"has-text-align-center\"><strong>nr <\/strong><strong>2025-1-PL01-KA122-ADU-000317732<\/strong><strong><\/strong><\/p>\n\n\n\n<figure class=\"wp-block-table\"><table><tbody><tr><td>Lp.<\/td><td>Imi\u0119 i nazwisko<\/td><\/tr><tr><td>&nbsp;01<\/td><td>Wdowicz Joanna<\/td><\/tr><\/tbody><\/table><\/figure>\n\n\n\n<p>Kandydaci, kt\u00f3rzy nie zostali zakwalifikowani do projektu mog\u0105 z\u0142o\u017cy\u0107 odwo\u0142anie na pi\u015bmie<br>wraz z uzasadnieniem w biurze \u015aUTW do dnia 25.11.25 r.<a><\/a><br>Odwo\u0142ania zostan\u0105 rozpatrzone do dnia 26.11.25 r.<\/p>\n\n\n<div class=\"wp-block-image\">\n<figure class=\"aligncenter size-full\"><img loading=\"lazy\" decoding=\"async\" width=\"307\" height=\"61\" src=\"https:\/\/www.sutw-kielce.pl\/wp-content\/uploads\/2025\/10\/Unia-Europ.-dofinansowanie-erasmus-1.jpg\" alt=\"\" class=\"wp-image-12541\" srcset=\"https:\/\/www.sutw-kielce.pl\/wp-content\/uploads\/2025\/10\/Unia-Europ.-dofinansowanie-erasmus-1.jpg 307w, https:\/\/www.sutw-kielce.pl\/wp-content\/uploads\/2025\/10\/Unia-Europ.-dofinansowanie-erasmus-1-300x60.jpg 300w\" sizes=\"(max-width: 307px) 100vw, 307px\" \/><\/figure><\/div>","protected":false},"excerpt":{"rendered":"<p>Lista g\u0142\u00f3wna kandydat\u00f3w zakwalifikowanych do udzia\u0142uw mobilno\u015bci grupowej doros\u0142ych ucz\u0105cych si\u0119 realizowanejw ramach projektu pn. &nbsp;\u201eOkno na \u015bwiat \u2013 europejskie mobilno\u015bci gwarancj\u0105 rozwoju \u015awi\u0119tokrzyskiego UTW\u201d<a class=\"moretag\" href=\"https:\/\/www.sutw-kielce.pl\/?p=12756\"> [&#8230;]<\/a><\/p>\n","protected":false},"author":5,"featured_media":4500,"comment_status":"closed","ping_status":"open","sticky":false,"template":"","format":"standard","meta":{"_bbp_topic_count":0,"_bbp_reply_count":0,"_bbp_total_topic_count":0,"_bbp_total_reply_count":0,"_bbp_voice_count":0,"_bbp_anonymous_reply_count":0,"_bbp_topic_count_hidden":0,"_bbp_reply_count_hidden":0,"_bbp_forum_subforum_count":0,"footnotes":""},"categories":[21],"tags":[36],"_links":{"self":[{"href":"https:\/\/www.sutw-kielce.pl\/index.php?rest_route=\/wp\/v2\/posts\/12756"}],"collection":[{"href":"https:\/\/www.sutw-kielce.pl\/index.php?rest_route=\/wp\/v2\/posts"}],"about":[{"href":"https:\/\/www.sutw-kielce.pl\/index.php?rest_route=\/wp\/v2\/types\/post"}],"author":[{"embeddable":true,"href":"https:\/\/www.sutw-kielce.pl\/index.php?rest_route=\/wp\/v2\/users\/5"}],"replies":[{"embeddable":true,"href":"https:\/\/www.sutw-kielce.pl\/index.php?rest_route=%2Fwp%2Fv2%2Fcomments&post=12756"}],"version-history":[{"count":4,"href":"https:\/\/www.sutw-kielce.pl\/index.php?rest_route=\/wp\/v2\/posts\/12756\/revisions"}],"predecessor-version":[{"id":12761,"href":"https:\/\/www.sutw-kielce.pl\/index.php?rest_route=\/wp\/v2\/posts\/12756\/revisions\/12761"}],"wp:featuredmedia":[{"embeddable":true,"href":"https:\/\/www.sutw-kielce.pl\/index.php?rest_route=\/wp\/v2\/media\/4500"}],"wp:attachment":[{"href":"https:\/\/www.sutw-kielce.pl\/index.php?rest_route=%2Fwp%2Fv2%2Fmedia&parent=12756"}],"wp:term":[{"taxonomy":"category","embeddable":true,"href":"https:\/\/www.sutw-kielce.pl\/index.php?rest_route=%2Fwp%2Fv2%2Fcategories&post=12756"},{"taxonomy":"post_tag","embeddable":true,"href":"https:\/\/www.sutw-kielce.pl\/index.php?rest_route=%2Fwp%2Fv2%2Ftags&post=12756"}],"curies":[{"name":"wp","href":"https:\/\/api.w.org\/{rel}","templated":true}]}}