{"id":12750,"date":"2025-11-21T15:38:25","date_gmt":"2025-11-21T14:38:25","guid":{"rendered":"https:\/\/www.sutw-kielce.pl\/?p=12750"},"modified":"2025-11-21T15:39:16","modified_gmt":"2025-11-21T14:39:16","slug":"bp-frankotravel-propozycja-wczasow","status":"publish","type":"post","link":"https:\/\/www.sutw-kielce.pl\/?p=12750","title":{"rendered":"BP &#8220;Frankotravel&#8221; &#8211; propozycja wczas\u00f3w  2026."},"content":{"rendered":"\n<p>Dzie\u0144 dobry,<br>Przesy\u0142amy oferty wczas\u00f3w 2026 r . Transport komfortowym autokarem.<\/p>\n\n\n\n<p>Bro\u017cyna El\u017cbieta 664 022 844<br>Biuro Podr\u00f3\u017cy FRANKOTRAVEL<br>Huta Pod\u0142ysica 70,26-004 Bieliny<br>606 789 769<br><a href=\"https:\/\/www.frankotravel.pl\/\" target=\"_blank\" rel=\"noreferrer noopener\">https:\/\/www.frankotravel.pl\/<\/a><\/p>\n\n\n\n<ol>\n<li><strong><a href=\"https:\/\/poczta.zenbox.pl\/?_task=mail&amp;_action=get&amp;_mbox=INBOX&amp;_uid=445&amp;_token=fZ3jpeRRs9FeaBZ8gmE6HGHZVoJkZ2IV&amp;_part=2\" data-type=\"link\" data-id=\"https:\/\/poczta.zenbox.pl\/?_task=mail&amp;_action=get&amp;_mbox=INBOX&amp;_uid=445&amp;_token=fZ3jpeRRs9FeaBZ8gmE6HGHZVoJkZ2IV&amp;_part=2\">Mielno hotel FERRY  termin: 21.06 &#8211; 01.07.26<\/a><\/strong> <\/li>\n\n\n\n<li><strong><a href=\"file:\/\/\/C:\/Users\/sekre\/Downloads\/ROYAL%202026%2021.06-1.07.2026.pdf\">Mielno  hotel ROYAL Park,   termin: 21.06.01.07.26<\/a><\/strong> <\/li>\n\n\n\n<li><strong><a href=\"file:\/\/\/C:\/Users\/sekre\/Downloads\/OFERTA%20W%C5%81ADYS%C5%81AWOWO%20JASNY%20BRZEG%20CZERWIEC%20%202026.pdf\">W\u0141ADYS\u0141AWOWO \u2013 PENSJONAT JASNY BRZEG,   termin:     7.09 -18.06.202<\/a><\/strong>  <\/li>\n\n\n\n<li><strong><a href=\"file:\/\/\/C:\/Users\/sekre\/Downloads\/OFERTA%20W%C5%81ADYS%C5%81AWOWO%20JASNY%20BRZEG%20WRZESIE%C5%83%202026.pdf\" data-type=\"link\" data-id=\"file:\/\/\/C:\/Users\/sekre\/Downloads\/OFERTA%20W%C5%81ADYS%C5%81AWOWO%20JASNY%20BRZEG%20WRZESIE%C5%83%202026.pdf\">W\u0141ADYS\u0141AWOWO \u2013 PENSJONAT JASNY BRZEG,    termin :   7.09 -18.09.2026<\/a><\/strong><\/li>\n<\/ol>\n","protected":false},"excerpt":{"rendered":"<p>Dzie\u0144 dobry,Przesy\u0142amy oferty wczas\u00f3w 2026 r . Transport komfortowym autokarem. Bro\u017cyna El\u017cbieta 664 022 844Biuro Podr\u00f3\u017cy FRANKOTRAVELHuta Pod\u0142ysica 70,26-004 Bieliny606 789 769https:\/\/www.frankotravel.pl\/<\/p>\n","protected":false},"author":5,"featured_media":12752,"comment_status":"closed","ping_status":"open","sticky":false,"template":"","format":"standard","meta":{"_bbp_topic_count":0,"_bbp_reply_count":0,"_bbp_total_topic_count":0,"_bbp_total_reply_count":0,"_bbp_voice_count":0,"_bbp_anonymous_reply_count":0,"_bbp_topic_count_hidden":0,"_bbp_reply_count_hidden":0,"_bbp_forum_subforum_count":0,"footnotes":""},"categories":[4],"tags":[43],"_links":{"self":[{"href":"https:\/\/www.sutw-kielce.pl\/index.php?rest_route=\/wp\/v2\/posts\/12750"}],"collection":[{"href":"https:\/\/www.sutw-kielce.pl\/index.php?rest_route=\/wp\/v2\/posts"}],"about":[{"href":"https:\/\/www.sutw-kielce.pl\/index.php?rest_route=\/wp\/v2\/types\/post"}],"author":[{"embeddable":true,"href":"https:\/\/www.sutw-kielce.pl\/index.php?rest_route=\/wp\/v2\/users\/5"}],"replies":[{"embeddable":true,"href":"https:\/\/www.sutw-kielce.pl\/index.php?rest_route=%2Fwp%2Fv2%2Fcomments&post=12750"}],"version-history":[{"count":3,"href":"https:\/\/www.sutw-kielce.pl\/index.php?rest_route=\/wp\/v2\/posts\/12750\/revisions"}],"predecessor-version":[{"id":12755,"href":"https:\/\/www.sutw-kielce.pl\/index.php?rest_route=\/wp\/v2\/posts\/12750\/revisions\/12755"}],"wp:featuredmedia":[{"embeddable":true,"href":"https:\/\/www.sutw-kielce.pl\/index.php?rest_route=\/wp\/v2\/media\/12752"}],"wp:attachment":[{"href":"https:\/\/www.sutw-kielce.pl\/index.php?rest_route=%2Fwp%2Fv2%2Fmedia&parent=12750"}],"wp:term":[{"taxonomy":"category","embeddable":true,"href":"https:\/\/www.sutw-kielce.pl\/index.php?rest_route=%2Fwp%2Fv2%2Fcategories&post=12750"},{"taxonomy":"post_tag","embeddable":true,"href":"https:\/\/www.sutw-kielce.pl\/index.php?rest_route=%2Fwp%2Fv2%2Ftags&post=12750"}],"curies":[{"name":"wp","href":"https:\/\/api.w.org\/{rel}","templated":true}]}}