{"id":12747,"date":"2025-11-21T15:15:02","date_gmt":"2025-11-21T14:15:02","guid":{"rendered":"https:\/\/www.sutw-kielce.pl\/?p=12747"},"modified":"2025-11-21T15:15:02","modified_gmt":"2025-11-21T14:15:02","slug":"spotkanie-z-andrzejem-marciszem-ujk-biblioteka","status":"publish","type":"post","link":"https:\/\/www.sutw-kielce.pl\/?p=12747","title":{"rendered":"Spotkanie z Andrzejem Marciszem &#8211; UJK, Biblioteka"},"content":{"rendered":"\n<p>Dyrektor Biblioteki Uniwersyteckiej zaprasza.<\/p>\n\n\n\n<blockquote class=\"wp-block-quote\">\n<p><strong>Z ogromn\u0105 rado\u015bci\u0105 informuj\u0119, \u017ce ju\u017c 12.12.2025 roku o godz. 18.00 w Bibliotece Uniwersyteckiej w Kielcach b\u0119dziemy go\u015bci\u0107&nbsp;Andrzeja Marcisza, osob\u0119, kt\u00f3r\u0105 \u015brodowisko &#8220;Taternika&#8221; z podziwem zwie &#8220;encyklopedi\u0105 Tatr w butach wspinaczkowych&#8221;, a Robert Tekieli nazwa\u0142 kiedy\u015b &#8220;\u017cyw\u0105 map\u0105 Tatr&#8221;.&nbsp;<\/strong><\/p>\n\n\n\n<p><strong>W \u015bwiat tatrza\u0144skich granit\u00f3w wprowadzi nas gaw\u0119da Henryka R\u0105czki o historii wspinania i nazewnictwa w Tatrach: &#8220;Poznanie i nazwanie Tatr&#8221;.<\/strong><\/p>\n\n\n\n<p><strong>Spotkaniu towarzyszy\u0107 b\u0119dzie Wystawa s\u0142owa drukowanego ze zbior\u00f3w Biblioteki Uniwersyteckiej i prywatnej kolekcji Henryka R\u0105czki, bibliofila i taternika.<\/strong><\/p>\n\n\n\n<p>Wst\u0119p wolny!<\/p>\n\n\n\n<p>Zapraszam serdecznie!&nbsp;<\/p>\n\n\n\n<blockquote class=\"wp-block-quote\">\n<p><strong>Andrzej Marcisz&nbsp;<\/strong>\u2015 instruktor sport\u00f3w g\u00f3rskich w Stowarzyszeniu Instruktor\u00f3w G\u00f3rskich, instruktor wspinaczki sportowej (AWF Katowice), krakowski taternik i alpinista, zawodnik sportu wspinaczkowego.<\/p>\n<\/blockquote>\n<\/blockquote>\n\n\n\n<p>   Link <\/p>\n\n\n\n<blockquote class=\"wp-block-quote\">\n<p>Link do wydarzenia na fb:<\/p>\n\n\n\n<p><a href=\"https:\/\/fb.me\/e\/9PCxsOUZX\">https:\/\/fb.me\/e\/9PCxsOUZX<\/a><\/p>\n<\/blockquote>\n","protected":false},"excerpt":{"rendered":"<p>Dyrektor Biblioteki Uniwersyteckiej zaprasza. Link Link do wydarzenia na fb: https:\/\/fb.me\/e\/9PCxsOUZX<\/p>\n","protected":false},"author":5,"featured_media":12748,"comment_status":"closed","ping_status":"open","sticky":false,"template":"","format":"standard","meta":{"_bbp_topic_count":0,"_bbp_reply_count":0,"_bbp_total_topic_count":0,"_bbp_total_reply_count":0,"_bbp_voice_count":0,"_bbp_anonymous_reply_count":0,"_bbp_topic_count_hidden":0,"_bbp_reply_count_hidden":0,"_bbp_forum_subforum_count":0,"footnotes":""},"categories":[4],"tags":[47,46],"_links":{"self":[{"href":"https:\/\/www.sutw-kielce.pl\/index.php?rest_route=\/wp\/v2\/posts\/12747"}],"collection":[{"href":"https:\/\/www.sutw-kielce.pl\/index.php?rest_route=\/wp\/v2\/posts"}],"about":[{"href":"https:\/\/www.sutw-kielce.pl\/index.php?rest_route=\/wp\/v2\/types\/post"}],"author":[{"embeddable":true,"href":"https:\/\/www.sutw-kielce.pl\/index.php?rest_route=\/wp\/v2\/users\/5"}],"replies":[{"embeddable":true,"href":"https:\/\/www.sutw-kielce.pl\/index.php?rest_route=%2Fwp%2Fv2%2Fcomments&post=12747"}],"version-history":[{"count":1,"href":"https:\/\/www.sutw-kielce.pl\/index.php?rest_route=\/wp\/v2\/posts\/12747\/revisions"}],"predecessor-version":[{"id":12749,"href":"https:\/\/www.sutw-kielce.pl\/index.php?rest_route=\/wp\/v2\/posts\/12747\/revisions\/12749"}],"wp:featuredmedia":[{"embeddable":true,"href":"https:\/\/www.sutw-kielce.pl\/index.php?rest_route=\/wp\/v2\/media\/12748"}],"wp:attachment":[{"href":"https:\/\/www.sutw-kielce.pl\/index.php?rest_route=%2Fwp%2Fv2%2Fmedia&parent=12747"}],"wp:term":[{"taxonomy":"category","embeddable":true,"href":"https:\/\/www.sutw-kielce.pl\/index.php?rest_route=%2Fwp%2Fv2%2Fcategories&post=12747"},{"taxonomy":"post_tag","embeddable":true,"href":"https:\/\/www.sutw-kielce.pl\/index.php?rest_route=%2Fwp%2Fv2%2Ftags&post=12747"}],"curies":[{"name":"wp","href":"https:\/\/api.w.org\/{rel}","templated":true}]}}