{"id":12736,"date":"2025-11-20T09:45:47","date_gmt":"2025-11-20T08:45:47","guid":{"rendered":"https:\/\/www.sutw-kielce.pl\/?p=12736"},"modified":"2025-11-20T09:45:47","modified_gmt":"2025-11-20T08:45:47","slug":"xxxi-festiwal-form-dokumentalnych-nurt-2025","status":"publish","type":"post","link":"https:\/\/www.sutw-kielce.pl\/?p=12736","title":{"rendered":"XXXI Festiwal Form Dokumentalnych NURT 2025."},"content":{"rendered":"\n<p><strong>Wydarzenie, kt\u00f3re odb\u0119dzie si\u0119 w dniach 25-28 listopada organizowane przez Kieleckie Centrum Kultury, po raz kolejny stanie si\u0119 jednym z najwa\u017cniejszych miejsc prezentacji polskiego dokumentu.<\/strong><\/p>\n\n\n\n<p>Wi\u0119cejinformacji znajdziesz na stronie UM KIelce, \u0142\u0105cznie ze szczeg\u00f3\u0142\u00f3wym programem.<\/p>\n\n\n\n<p><strong><a href=\"https:\/\/kielce.eu\/pl\/aktualnosci\/filmy-warsztaty-i-odwaga-tematyczna-na-festiwalu-nurt-2025-kielce-znow-stana-sie-stolica-polskiego-dokumentu.html\" data-type=\"link\" data-id=\"https:\/\/kielce.eu\/pl\/aktualnosci\/filmy-warsztaty-i-odwaga-tematyczna-na-festiwalu-nurt-2025-kielce-znow-stana-sie-stolica-polskiego-dokumentu.html\">Festiwal NURT 2025<\/a><\/strong><\/p>\n","protected":false},"excerpt":{"rendered":"<p>Wydarzenie, kt\u00f3re odb\u0119dzie si\u0119 w dniach 25-28 listopada organizowane przez Kieleckie Centrum Kultury, po raz kolejny stanie si\u0119 jednym z najwa\u017cniejszych miejsc prezentacji polskiego dokumentu.<a class=\"moretag\" href=\"https:\/\/www.sutw-kielce.pl\/?p=12736\"> [&#8230;]<\/a><\/p>\n","protected":false},"author":5,"featured_media":12737,"comment_status":"closed","ping_status":"open","sticky":false,"template":"","format":"standard","meta":{"_bbp_topic_count":0,"_bbp_reply_count":0,"_bbp_total_topic_count":0,"_bbp_total_reply_count":0,"_bbp_voice_count":0,"_bbp_anonymous_reply_count":0,"_bbp_topic_count_hidden":0,"_bbp_reply_count_hidden":0,"_bbp_forum_subforum_count":0,"footnotes":""},"categories":[4],"tags":[],"_links":{"self":[{"href":"https:\/\/www.sutw-kielce.pl\/index.php?rest_route=\/wp\/v2\/posts\/12736"}],"collection":[{"href":"https:\/\/www.sutw-kielce.pl\/index.php?rest_route=\/wp\/v2\/posts"}],"about":[{"href":"https:\/\/www.sutw-kielce.pl\/index.php?rest_route=\/wp\/v2\/types\/post"}],"author":[{"embeddable":true,"href":"https:\/\/www.sutw-kielce.pl\/index.php?rest_route=\/wp\/v2\/users\/5"}],"replies":[{"embeddable":true,"href":"https:\/\/www.sutw-kielce.pl\/index.php?rest_route=%2Fwp%2Fv2%2Fcomments&post=12736"}],"version-history":[{"count":1,"href":"https:\/\/www.sutw-kielce.pl\/index.php?rest_route=\/wp\/v2\/posts\/12736\/revisions"}],"predecessor-version":[{"id":12738,"href":"https:\/\/www.sutw-kielce.pl\/index.php?rest_route=\/wp\/v2\/posts\/12736\/revisions\/12738"}],"wp:featuredmedia":[{"embeddable":true,"href":"https:\/\/www.sutw-kielce.pl\/index.php?rest_route=\/wp\/v2\/media\/12737"}],"wp:attachment":[{"href":"https:\/\/www.sutw-kielce.pl\/index.php?rest_route=%2Fwp%2Fv2%2Fmedia&parent=12736"}],"wp:term":[{"taxonomy":"category","embeddable":true,"href":"https:\/\/www.sutw-kielce.pl\/index.php?rest_route=%2Fwp%2Fv2%2Fcategories&post=12736"},{"taxonomy":"post_tag","embeddable":true,"href":"https:\/\/www.sutw-kielce.pl\/index.php?rest_route=%2Fwp%2Fv2%2Ftags&post=12736"}],"curies":[{"name":"wp","href":"https:\/\/api.w.org\/{rel}","templated":true}]}}