{"id":12681,"date":"2025-11-10T14:34:13","date_gmt":"2025-11-10T13:34:13","guid":{"rendered":"https:\/\/www.sutw-kielce.pl\/?p=12681"},"modified":"2025-11-12T13:22:42","modified_gmt":"2025-11-12T12:22:42","slug":"spiewamy-dla-niepodleglej-zespol-tu-i-teraz-z-koncertem-piesni-patriotycznych","status":"publish","type":"post","link":"https:\/\/www.sutw-kielce.pl\/?p=12681","title":{"rendered":"\u201e\u015apiewamy dla niepodleg\u0142ej\u201d-zesp\u00f3\u0142 \u201eTu i Teraz\u201d z koncertem pie\u015bni\u00a0 patriotycznych.\u00a0\u00a0\u00a0\u00a0\u00a0\u00a0\u00a0\u00a0\u00a0\u00a0\u00a0\u00a0\u00a0\u00a0\u00a0\u00a0\u00a0\u00a0\u00a0\u00a0\u00a0\u00a0\u00a0\u00a0 \u00a0\u00a0\u00a0\u00a0\u00a0\u00a0\u00a0\u00a0\u00a0\u00a0\u00a0\u00a0\u00a0\u00a0\u00a0\u00a0\u00a0\u00a0\u00a0\u00a0\u00a0\u00a0\u00a0\u00a0\u00a0\u00a0\u00a0\u00a0\u00a0\u00a0\u00a0\u00a0\u00a0\u00a0\u00a0\u00a0"},"content":{"rendered":"\n<p>W sobot\u0119 08.11.2025 na spotkaniu \u201eKlubu nad Silnic\u0105\u201d dla uczczenia \u201e\u015awi\u0119ta Niepodleg\u0142o\u015bci\u201d zesp\u00f3\u0142 wokalny \u201eTu i Teraz\u201d pod kierownictwem pani Gra\u017cyny Sygut,\u00a0wyst\u0105pi\u0142 z programem \u201e\u015apiewamy dla Niepodleg\u0142ej\u201d .<\/p>\n\n\n\n<p>Po kr\u00f3tkim s\u0142owie wst\u0119pnym arty\u015bci za\u015bpiewali piosenki wojskowe i patriotyczne z r\u00f3\u017cnych okres\u00f3w naszej historii. Us\u0142yszeli\u015bmy \u201eWojenko, wojenko..\u201d,\u201d &#8220;Hej strzelcy &#8221; i kilka innych a nast\u0119pnie\u00a0 s\u0142uchacze zostali zaproszeni do wsp\u00f3lnego \u015bpiewania i wraz z zespo\u0142em \u201eTu i Teraz \u201d \u015bpiewali\u015bmy piosenki legionowe, wojskowe, patriotyczne, bo przecie\u017c to piosenki bliskie sercu naszego pokolenia i dobrze nam znane. Byli \u201eU\u0142ani,u\u0142ani..\u201d, \u201dRozkwita\u0142y p\u0105ki bia\u0142ych r\u00f3\u017c..\u201d, \u201ePierwsza Brygada \u201d, \u201e Szara piechota\u201d\u00a0 i wiele innych. <\/p>\n\n\n\n<p>Piosenki wzrusza\u0142y i bardzo podoba\u0142y si\u0119 s\u0142uchaczom. Nasze pokolenie ma do nich ogromny sentyment , a pi\u0119knie \u015bpiewaj\u0105cy zesp\u00f3\u0142 wokalny \u201eTu i Teraz \u201dzach\u0119ca\u0142 do s\u0142uchania i wsp\u00f3lnego \u015bpiewu.<\/p>\n\n\n\n<p> Spotkanie by\u0142o bardzo udane. Koncert zespo\u0142u \u201eTu i Teraz \u201d dostarczy\u0142 nam wiele przyjemno\u015bci i rado\u015bci ze s\u0142uchania i wsp\u00f3lnego \u015bpiewu tak wzruszaj\u0105cych dla nas piosenek. Cieszymy si\u0119, \u017ce zesp\u00f3\u0142 \u201eTu i Teraz\u201d znajduje dla nas czas i ozdabia nasze spotkania swoimi wyst\u0119pami, kt\u00f3re bardzo mam si\u0119 podobaj\u0105. Czekamy wi\u0119c na dalsze koncerty.\u00a0\u00a0\u00a0\u00a0\u00a0\u00a0\u00a0\u00a0\u00a0\u00a0\u00a0\u00a0\u00a0\u00a0\u00a0\u00a0\u00a0\u00a0\u00a0\u00a0\u00a0\u00a0\u00a0\u00a0\u00a0\u00a0\u00a0\u00a0\u00a0\u00a0\u00a0\u00a0\u00a0\u00a0\u00a0\u00a0\u00a0\u00a0\u00a0\u00a0\u00a0\u00a0\u00a0\u00a0\u00a0\u00a0\u00a0\u00a0\u00a0\u00a0\u00a0\u00a0\u00a0\u00a0\u00a0\u00a0\u00a0\u00a0\u00a0\u00a0\u00a0\u00a0\u00a0 \u00a0\u00a0\u00a0\u00a0\u00a0\u00a0\u00a0\u00a0\u00a0\u00a0\u00a0\u00a0<\/p>\n\n\n\n<p class=\"has-text-align-left\">Ewa Rudawska\u00a0\u00a0\u00a0\u00a0\u00a0\u00a0\u00a0\u00a0\u00a0\u00a0\u00a0\u00a0\u00a0\u00a0\u00a0\u00a0\u00a0\u00a0\u00a0\u00a0\u00a0\u00a0\u00a0\u00a0\u00a0\u00a0\u00a0\u00a0\u00a0\u00a0\u00a0\u00a0\u00a0\u00a0\u00a0\u00a0\u00a0\u00a0\u00a0\u00a0\u00a0\u00a0\u00a0\u00a0\u00a0\u00a0\u00a0\u00a0\u00a0\u00a0\u00a0\u00a0\u00a0\u00a0\u00a0\u00a0\u00a0\u00a0\u00a0\u00a0\u00a0\u00a0\u00a0\u00a0\u00a0\u00a0\u00a0\u00a0\u00a0\u00a0\u00a0\u00a0\u00a0\u00a0\u00a0\u00a0\u00a0\u00a0\u00a0\u00a0\u00a0\u00a0\u00a0\u00a0\u00a0\u00a0\u00a0\u00a0\u00a0\u00a0\u00a0\u00a0\u00a0\u00a0\u00a0\u00a0\u00a0\u00a0\u00a0\u00a0\u00a0\u00a0\u00a0\u00a0\u00a0\u00a0\u00a0\u00a0\u00a0\u00a0\u00a0\u00a0\u00a0\u00a0\u00a0\u00a0\u00a0\u00a0\u00a0\u00a0\u00a0\u00a0\u00a0\u00a0\u00a0\u00a0\u00a0\u00a0\u00a0\u00a0\u00a0\u00a0\u00a0\u00a0\u00a0\u00a0\u00a0\u00a0\u00a0\u00a0\u00a0\u00a0\u00a0\u00a0\u00a0\u00a0\u00a0\u00a0\u00a0\u00a0\u00a0\u00a0\u00a0\u00a0\u00a0\u00a0\u00a0\u00a0\u00a0\u00a0\u00a0\u00a0\u00a0\u00a0\u00a0\u00a0\u00a0\u00a0\u00a0\u00a0\u00a0\u00a0\u00a0\u00a0\u00a0\u00a0\u00a0\u00a0\u00a0\u00a0\u00a0\u00a0\u00a0\u00a0\u00a0\u00a0\u00a0\u00a0\u00a0\u00a0\u00a0\u00a0\u00a0\u00a0\u00a0\u00a0\u00a0\u00a0\u00a0\u00a0\u00a0\u00a0\u00a0\u00a0 \u00a0\u00a0\u00a0\u00a0\u00a0\u00a0\u00a0\u00a0\u00a0\u00a0\u00a0\u00a0\u00a0\u00a0\u00a0\u00a0\u00a0\u00a0\u00a0\u00a0\u00a0\u00a0\u00a0\u00a0\u00a0\u00a0\u00a0\u00a0\u00a0\u00a0\u00a0\u00a0\u00a0\u00a0\u00a0\u00a0\u00a0\u00a0\u00a0\u00a0<\/p>\n\n\n\n<p>Zdj\u0119cia: Barbara Grzesik<\/p>\n\n\n\n<figure class=\"wp-block-gallery has-nested-images columns-default is-cropped wp-block-gallery-1 is-layout-flex wp-block-gallery-is-layout-flex\">\n<figure class=\"wp-block-image size-large\"><img loading=\"lazy\" decoding=\"async\" width=\"1024\" height=\"768\" data-id=\"12682\" src=\"https:\/\/www.sutw-kielce.pl\/wp-content\/uploads\/2025\/11\/Zdjecie-WhatsApp-2025-11-08-o-16.50.09_0cb9aad0-1024x768.jpg\" alt=\"\" class=\"wp-image-12682\" srcset=\"https:\/\/www.sutw-kielce.pl\/wp-content\/uploads\/2025\/11\/Zdjecie-WhatsApp-2025-11-08-o-16.50.09_0cb9aad0-1024x768.jpg 1024w, https:\/\/www.sutw-kielce.pl\/wp-content\/uploads\/2025\/11\/Zdjecie-WhatsApp-2025-11-08-o-16.50.09_0cb9aad0-300x225.jpg 300w, https:\/\/www.sutw-kielce.pl\/wp-content\/uploads\/2025\/11\/Zdjecie-WhatsApp-2025-11-08-o-16.50.09_0cb9aad0-768x576.jpg 768w, https:\/\/www.sutw-kielce.pl\/wp-content\/uploads\/2025\/11\/Zdjecie-WhatsApp-2025-11-08-o-16.50.09_0cb9aad0-1536x1152.jpg 1536w, https:\/\/www.sutw-kielce.pl\/wp-content\/uploads\/2025\/11\/Zdjecie-WhatsApp-2025-11-08-o-16.50.09_0cb9aad0.jpg 2040w\" sizes=\"(max-width: 1024px) 100vw, 1024px\" \/><\/figure>\n\n\n\n<figure class=\"wp-block-image size-large\"><img loading=\"lazy\" decoding=\"async\" width=\"1024\" height=\"768\" data-id=\"12683\" src=\"https:\/\/www.sutw-kielce.pl\/wp-content\/uploads\/2025\/11\/Zdjecie-WhatsApp-2025-11-08-o-16.50.09_caf2a276-1024x768.jpg\" alt=\"\" class=\"wp-image-12683\" srcset=\"https:\/\/www.sutw-kielce.pl\/wp-content\/uploads\/2025\/11\/Zdjecie-WhatsApp-2025-11-08-o-16.50.09_caf2a276-1024x768.jpg 1024w, https:\/\/www.sutw-kielce.pl\/wp-content\/uploads\/2025\/11\/Zdjecie-WhatsApp-2025-11-08-o-16.50.09_caf2a276-300x225.jpg 300w, https:\/\/www.sutw-kielce.pl\/wp-content\/uploads\/2025\/11\/Zdjecie-WhatsApp-2025-11-08-o-16.50.09_caf2a276-768x576.jpg 768w, https:\/\/www.sutw-kielce.pl\/wp-content\/uploads\/2025\/11\/Zdjecie-WhatsApp-2025-11-08-o-16.50.09_caf2a276-1536x1152.jpg 1536w, https:\/\/www.sutw-kielce.pl\/wp-content\/uploads\/2025\/11\/Zdjecie-WhatsApp-2025-11-08-o-16.50.09_caf2a276.jpg 2040w\" sizes=\"(max-width: 1024px) 100vw, 1024px\" \/><\/figure>\n\n\n\n<figure class=\"wp-block-image size-large\"><img loading=\"lazy\" decoding=\"async\" width=\"1024\" height=\"768\" data-id=\"12684\" src=\"https:\/\/www.sutw-kielce.pl\/wp-content\/uploads\/2025\/11\/Zdjecie-WhatsApp-2025-11-08-o-16.50.10_3e488828-1024x768.jpg\" alt=\"\" class=\"wp-image-12684\" srcset=\"https:\/\/www.sutw-kielce.pl\/wp-content\/uploads\/2025\/11\/Zdjecie-WhatsApp-2025-11-08-o-16.50.10_3e488828-1024x768.jpg 1024w, https:\/\/www.sutw-kielce.pl\/wp-content\/uploads\/2025\/11\/Zdjecie-WhatsApp-2025-11-08-o-16.50.10_3e488828-300x225.jpg 300w, https:\/\/www.sutw-kielce.pl\/wp-content\/uploads\/2025\/11\/Zdjecie-WhatsApp-2025-11-08-o-16.50.10_3e488828-768x576.jpg 768w, https:\/\/www.sutw-kielce.pl\/wp-content\/uploads\/2025\/11\/Zdjecie-WhatsApp-2025-11-08-o-16.50.10_3e488828-1536x1152.jpg 1536w, https:\/\/www.sutw-kielce.pl\/wp-content\/uploads\/2025\/11\/Zdjecie-WhatsApp-2025-11-08-o-16.50.10_3e488828.jpg 2040w\" sizes=\"(max-width: 1024px) 100vw, 1024px\" \/><\/figure>\n<\/figure>\n\n\n\n<p>Zdj\u0119cia: Weronika Czerw<\/p>\n\n\n\n<figure class=\"wp-block-gallery has-nested-images columns-default is-cropped wp-block-gallery-2 is-layout-flex wp-block-gallery-is-layout-flex\">\n<figure class=\"wp-block-image size-large\"><img loading=\"lazy\" decoding=\"async\" width=\"1024\" height=\"744\" data-id=\"12688\" src=\"https:\/\/www.sutw-kielce.pl\/wp-content\/uploads\/2025\/11\/b15810d7-0f96-42fe-a20f-286b535bbb31-1024x744.jpg\" alt=\"\" class=\"wp-image-12688\" srcset=\"https:\/\/www.sutw-kielce.pl\/wp-content\/uploads\/2025\/11\/b15810d7-0f96-42fe-a20f-286b535bbb31-1024x744.jpg 1024w, https:\/\/www.sutw-kielce.pl\/wp-content\/uploads\/2025\/11\/b15810d7-0f96-42fe-a20f-286b535bbb31-300x218.jpg 300w, https:\/\/www.sutw-kielce.pl\/wp-content\/uploads\/2025\/11\/b15810d7-0f96-42fe-a20f-286b535bbb31-768x558.jpg 768w, https:\/\/www.sutw-kielce.pl\/wp-content\/uploads\/2025\/11\/b15810d7-0f96-42fe-a20f-286b535bbb31-1536x1115.jpg 1536w, https:\/\/www.sutw-kielce.pl\/wp-content\/uploads\/2025\/11\/b15810d7-0f96-42fe-a20f-286b535bbb31.jpg 1862w\" sizes=\"(max-width: 1024px) 100vw, 1024px\" \/><\/figure>\n\n\n\n<figure class=\"wp-block-image size-large\"><img loading=\"lazy\" decoding=\"async\" width=\"1024\" height=\"768\" data-id=\"12686\" src=\"https:\/\/www.sutw-kielce.pl\/wp-content\/uploads\/2025\/11\/fda3e686-e184-4319-917f-edf8ee89f513-1024x768.jpg\" alt=\"\" class=\"wp-image-12686\" srcset=\"https:\/\/www.sutw-kielce.pl\/wp-content\/uploads\/2025\/11\/fda3e686-e184-4319-917f-edf8ee89f513-1024x768.jpg 1024w, https:\/\/www.sutw-kielce.pl\/wp-content\/uploads\/2025\/11\/fda3e686-e184-4319-917f-edf8ee89f513-300x225.jpg 300w, https:\/\/www.sutw-kielce.pl\/wp-content\/uploads\/2025\/11\/fda3e686-e184-4319-917f-edf8ee89f513-768x576.jpg 768w, https:\/\/www.sutw-kielce.pl\/wp-content\/uploads\/2025\/11\/fda3e686-e184-4319-917f-edf8ee89f513-1536x1152.jpg 1536w, https:\/\/www.sutw-kielce.pl\/wp-content\/uploads\/2025\/11\/fda3e686-e184-4319-917f-edf8ee89f513.jpg 2048w\" sizes=\"(max-width: 1024px) 100vw, 1024px\" \/><\/figure>\n\n\n\n<figure class=\"wp-block-image size-large\"><img loading=\"lazy\" decoding=\"async\" width=\"1024\" height=\"768\" data-id=\"12685\" src=\"https:\/\/www.sutw-kielce.pl\/wp-content\/uploads\/2025\/11\/0882c9d8-6eb6-4d0d-99e8-b41dcfaf04e2-1024x768.jpg\" alt=\"\" class=\"wp-image-12685\" srcset=\"https:\/\/www.sutw-kielce.pl\/wp-content\/uploads\/2025\/11\/0882c9d8-6eb6-4d0d-99e8-b41dcfaf04e2-1024x768.jpg 1024w, https:\/\/www.sutw-kielce.pl\/wp-content\/uploads\/2025\/11\/0882c9d8-6eb6-4d0d-99e8-b41dcfaf04e2-300x225.jpg 300w, https:\/\/www.sutw-kielce.pl\/wp-content\/uploads\/2025\/11\/0882c9d8-6eb6-4d0d-99e8-b41dcfaf04e2-768x576.jpg 768w, https:\/\/www.sutw-kielce.pl\/wp-content\/uploads\/2025\/11\/0882c9d8-6eb6-4d0d-99e8-b41dcfaf04e2-1536x1152.jpg 1536w, https:\/\/www.sutw-kielce.pl\/wp-content\/uploads\/2025\/11\/0882c9d8-6eb6-4d0d-99e8-b41dcfaf04e2.jpg 2048w\" sizes=\"(max-width: 1024px) 100vw, 1024px\" \/><\/figure>\n\n\n\n<figure class=\"wp-block-image size-large\"><img loading=\"lazy\" decoding=\"async\" width=\"1024\" height=\"606\" data-id=\"12687\" src=\"https:\/\/www.sutw-kielce.pl\/wp-content\/uploads\/2025\/11\/6933ba31-f320-4491-94d8-f4c5bf2f690e-1024x606.jpg\" alt=\"\" class=\"wp-image-12687\" srcset=\"https:\/\/www.sutw-kielce.pl\/wp-content\/uploads\/2025\/11\/6933ba31-f320-4491-94d8-f4c5bf2f690e-1024x606.jpg 1024w, https:\/\/www.sutw-kielce.pl\/wp-content\/uploads\/2025\/11\/6933ba31-f320-4491-94d8-f4c5bf2f690e-300x177.jpg 300w, https:\/\/www.sutw-kielce.pl\/wp-content\/uploads\/2025\/11\/6933ba31-f320-4491-94d8-f4c5bf2f690e-768x454.jpg 768w, https:\/\/www.sutw-kielce.pl\/wp-content\/uploads\/2025\/11\/6933ba31-f320-4491-94d8-f4c5bf2f690e-1536x909.jpg 1536w, https:\/\/www.sutw-kielce.pl\/wp-content\/uploads\/2025\/11\/6933ba31-f320-4491-94d8-f4c5bf2f690e.jpg 1692w\" sizes=\"(max-width: 1024px) 100vw, 1024px\" \/><\/figure>\n<\/figure>\n","protected":false},"excerpt":{"rendered":"<p>W sobot\u0119 08.11.2025 na spotkaniu \u201eKlubu nad Silnic\u0105\u201d dla uczczenia \u201e\u015awi\u0119ta Niepodleg\u0142o\u015bci\u201d zesp\u00f3\u0142 wokalny \u201eTu i Teraz\u201d pod kierownictwem pani Gra\u017cyny Sygut,\u00a0wyst\u0105pi\u0142 z programem \u201e\u015apiewamy<a class=\"moretag\" href=\"https:\/\/www.sutw-kielce.pl\/?p=12681\"> [&#8230;]<\/a><\/p>\n","protected":false},"author":6,"featured_media":12684,"comment_status":"closed","ping_status":"open","sticky":false,"template":"","format":"standard","meta":{"_bbp_topic_count":0,"_bbp_reply_count":0,"_bbp_total_topic_count":0,"_bbp_total_reply_count":0,"_bbp_voice_count":0,"_bbp_anonymous_reply_count":0,"_bbp_topic_count_hidden":0,"_bbp_reply_count_hidden":0,"_bbp_forum_subforum_count":0,"footnotes":""},"categories":[10],"tags":[],"_links":{"self":[{"href":"https:\/\/www.sutw-kielce.pl\/index.php?rest_route=\/wp\/v2\/posts\/12681"}],"collection":[{"href":"https:\/\/www.sutw-kielce.pl\/index.php?rest_route=\/wp\/v2\/posts"}],"about":[{"href":"https:\/\/www.sutw-kielce.pl\/index.php?rest_route=\/wp\/v2\/types\/post"}],"author":[{"embeddable":true,"href":"https:\/\/www.sutw-kielce.pl\/index.php?rest_route=\/wp\/v2\/users\/6"}],"replies":[{"embeddable":true,"href":"https:\/\/www.sutw-kielce.pl\/index.php?rest_route=%2Fwp%2Fv2%2Fcomments&post=12681"}],"version-history":[{"count":2,"href":"https:\/\/www.sutw-kielce.pl\/index.php?rest_route=\/wp\/v2\/posts\/12681\/revisions"}],"predecessor-version":[{"id":12694,"href":"https:\/\/www.sutw-kielce.pl\/index.php?rest_route=\/wp\/v2\/posts\/12681\/revisions\/12694"}],"wp:featuredmedia":[{"embeddable":true,"href":"https:\/\/www.sutw-kielce.pl\/index.php?rest_route=\/wp\/v2\/media\/12684"}],"wp:attachment":[{"href":"https:\/\/www.sutw-kielce.pl\/index.php?rest_route=%2Fwp%2Fv2%2Fmedia&parent=12681"}],"wp:term":[{"taxonomy":"category","embeddable":true,"href":"https:\/\/www.sutw-kielce.pl\/index.php?rest_route=%2Fwp%2Fv2%2Fcategories&post=12681"},{"taxonomy":"post_tag","embeddable":true,"href":"https:\/\/www.sutw-kielce.pl\/index.php?rest_route=%2Fwp%2Fv2%2Ftags&post=12681"}],"curies":[{"name":"wp","href":"https:\/\/api.w.org\/{rel}","templated":true}]}}