{"id":12639,"date":"2025-11-09T10:32:18","date_gmt":"2025-11-09T09:32:18","guid":{"rendered":"https:\/\/www.sutw-kielce.pl\/?p=12639"},"modified":"2025-11-09T10:32:19","modified_gmt":"2025-11-09T09:32:19","slug":"warsztaty-foto-sztuka-dla-seniorow-i-in","status":"publish","type":"post","link":"https:\/\/www.sutw-kielce.pl\/?p=12639","title":{"rendered":"Warsztaty foto, sztuka dla senior\u00f3w i in."},"content":{"rendered":"\n<p><strong>Muzeum Narodowym w Kielcach<\/strong>, <strong>Muzeum Dialogu Kultur\u00a0<\/strong>&#8211; zapraszaj\u0105<\/p>\n\n\n\n<ul>\n<li><strong>Warsztaty fotograficzne o ekologii w Muzeum Narodowym w Kielcach<\/strong><\/li>\n<\/ul>\n\n\n\n<p><strong>Muzeum Narodowe w&nbsp;Kielcach zaprasza senior\u00f3w i&nbsp;m\u0142odzie\u017c na wyj\u0105tkowe warsztaty fotograficzne po\u015bwi\u0119cone ekologii i&nbsp;pi\u0119knu regionu \u015bwi\u0119tokrzyskiego, inspirowane tw\u00f3rczo\u015bci\u0105 Stefana \u017beromskiego.<\/strong><\/p>\n\n\n\n<p>Pod okiem Karola Zienkiewicza z&nbsp;Lubelskiej Szko\u0142y Fotografii uczestnicy poznaj\u0105 zasady kadrowania, kompozycji i&nbsp;pracy ze \u015bwiat\u0142em, naucz\u0105 si\u0119 fotografowa\u0107 zar\u00f3wno aparatem, jak i&nbsp;smartfonem, a&nbsp;tak\u017ce wezm\u0105 udzia\u0142 w&nbsp;plenerach fotograficznych w&nbsp;naturze i&nbsp;w&nbsp;przestrzeni miejskiej.<\/p>\n\n\n\n<p>Warsztaty pomog\u0105 dostrzec niezwyk\u0142o\u015b\u0107 przyrody, zrozumie\u0107 wp\u0142yw cz\u0142owieka na \u015brodowisko i&nbsp;odkry\u0107, jak fotografia mo\u017ce wspiera\u0107 \u015bwiadomo\u015b\u0107 ekologiczn\u0105.<\/p>\n\n\n\n<p>Terminy zaj\u0119\u0107: 17\u201320 listopada 2025<br>Muzeum Narodowe w\u00a0Kielcach<br><strong>Zapisy do 13 listopada \u2013 liczba miejsc ograniczona!<\/strong><br>tel. 660 957 875 lub\u00a041 344 40 14 wew. 233<\/p>\n\n\n\n<p>Warsztaty odbywaj\u0105 si\u0119 w\u00a0ramach projektu \u201e\u017beromski odNowa. Modernizacja budynk\u00f3w willi dyrektora kieleckiego Gimnazjum Rz\u0105dowego wraz ze zmian\u0105 sposobu u\u017cytkowania na\u00a0potrzeby Muzeum S. \u017beromskiego, oddzia\u0142u MNKi\u201d, kt\u00f3ry otrzyma\u0142 dofinansowanie w\u00a0ramach programu Fundusze Europejskie na Infrastruktur\u0119, Klimat, \u015arodowisko 2021-2027.<\/p>\n\n\n\n<p><\/p>\n\n\n\n<ul>\n<li style=\"font-size:16px\"><strong>Z\u0142ote lata &#8211; czas na sztuk\u0119!<\/strong><\/li>\n<\/ul>\n\n\n\n<p><strong>Kolejne spotkanie z\u00a0cyklu Z\u0142ote lata \u2013 czas na sztuk\u0119 dla senior\u00f3w odb\u0119dzie si\u0119 w\u00a0Muzeum Dialogu Kultur. Anna Latos-Paryska opowie o\u00a0antropomorfizacji i\u00a0apotropeicznych funkcjach wizerunk\u00f3w \u015bwi\u0119tych, kt\u00f3re stanowi\u0105 fundamentalne zjawiska w\u00a0kulturze i\u00a0religijno\u015bci ludowej.<\/strong><\/p>\n\n\n\n<p>Wi\u0119cej  <a href=\"https:\/\/mnki.pl\/pl\/aktualnosci\/pokaz\/2263,zlote_lata__czas_na_sztuke,1\">tutaj <\/a><\/p>\n\n\n\n<p><\/p>\n\n\n\n<ul>\n<li><strong>23. Objazdowy Festiwal Filmowy WATCH DOCS &#8211; Kielce 2025<\/strong> <br><br><br>W Kielcach odb\u0119dzie si\u0119 23. Objazdowy Festiwal Filmowy WATCH DOCS. Organizatorem przegl\u0105du jest Helsi\u0144ska Fundacja Praw Cz\u0142owieka, a\u00a0partnerami lokalnymi: Muzeum Dialogu Kultur w\u00a0Kielcach, Regionalne Centrum Wolontariatu w\u00a0Kielcach oraz Urban Lab Kielce. Wst\u0119p na wszystkie wydarzenia jest bezp\u0142atny.Pokazy festiwalowe w\u00a0Muzeum Dialogu Kultur.<br><br>Program<a href=\"https:\/\/mnki.pl\/pl\/aktualnosci\/pokaz\/2243,23__objazdowy_festiwal_filmowy_watch_docs,2\"> tutaj<\/a><\/li>\n<\/ul>\n\n\n\n<p style=\"font-size:16px\"><\/p>\n","protected":false},"excerpt":{"rendered":"<p>Muzeum Narodowym w Kielcach, Muzeum Dialogu Kultur\u00a0&#8211; zapraszaj\u0105 Muzeum Narodowe w&nbsp;Kielcach zaprasza senior\u00f3w i&nbsp;m\u0142odzie\u017c na wyj\u0105tkowe warsztaty fotograficzne po\u015bwi\u0119cone ekologii i&nbsp;pi\u0119knu regionu \u015bwi\u0119tokrzyskiego, inspirowane tw\u00f3rczo\u015bci\u0105<a class=\"moretag\" href=\"https:\/\/www.sutw-kielce.pl\/?p=12639\"> [&#8230;]<\/a><\/p>\n","protected":false},"author":5,"featured_media":12640,"comment_status":"closed","ping_status":"open","sticky":false,"template":"","format":"standard","meta":{"_bbp_topic_count":0,"_bbp_reply_count":0,"_bbp_total_topic_count":0,"_bbp_total_reply_count":0,"_bbp_voice_count":0,"_bbp_anonymous_reply_count":0,"_bbp_topic_count_hidden":0,"_bbp_reply_count_hidden":0,"_bbp_forum_subforum_count":0,"footnotes":""},"categories":[4],"tags":[],"_links":{"self":[{"href":"https:\/\/www.sutw-kielce.pl\/index.php?rest_route=\/wp\/v2\/posts\/12639"}],"collection":[{"href":"https:\/\/www.sutw-kielce.pl\/index.php?rest_route=\/wp\/v2\/posts"}],"about":[{"href":"https:\/\/www.sutw-kielce.pl\/index.php?rest_route=\/wp\/v2\/types\/post"}],"author":[{"embeddable":true,"href":"https:\/\/www.sutw-kielce.pl\/index.php?rest_route=\/wp\/v2\/users\/5"}],"replies":[{"embeddable":true,"href":"https:\/\/www.sutw-kielce.pl\/index.php?rest_route=%2Fwp%2Fv2%2Fcomments&post=12639"}],"version-history":[{"count":1,"href":"https:\/\/www.sutw-kielce.pl\/index.php?rest_route=\/wp\/v2\/posts\/12639\/revisions"}],"predecessor-version":[{"id":12641,"href":"https:\/\/www.sutw-kielce.pl\/index.php?rest_route=\/wp\/v2\/posts\/12639\/revisions\/12641"}],"wp:featuredmedia":[{"embeddable":true,"href":"https:\/\/www.sutw-kielce.pl\/index.php?rest_route=\/wp\/v2\/media\/12640"}],"wp:attachment":[{"href":"https:\/\/www.sutw-kielce.pl\/index.php?rest_route=%2Fwp%2Fv2%2Fmedia&parent=12639"}],"wp:term":[{"taxonomy":"category","embeddable":true,"href":"https:\/\/www.sutw-kielce.pl\/index.php?rest_route=%2Fwp%2Fv2%2Fcategories&post=12639"},{"taxonomy":"post_tag","embeddable":true,"href":"https:\/\/www.sutw-kielce.pl\/index.php?rest_route=%2Fwp%2Fv2%2Ftags&post=12639"}],"curies":[{"name":"wp","href":"https:\/\/api.w.org\/{rel}","templated":true}]}}