{"id":12598,"date":"2025-11-07T10:54:55","date_gmt":"2025-11-07T09:54:55","guid":{"rendered":"https:\/\/www.sutw-kielce.pl\/?p=12598"},"modified":"2025-11-07T10:57:20","modified_gmt":"2025-11-07T09:57:20","slug":"festiwal-przy-kominku-targi-kielce","status":"publish","type":"post","link":"https:\/\/www.sutw-kielce.pl\/?p=12598","title":{"rendered":"Festiwal \u201ePrzy Kominku&#8221;, Targi Kielce"},"content":{"rendered":"\n<figure class=\"wp-block-table\"><table><tbody><tr><td><strong>Spotkajmy si\u0119 przy muzyce&#8230;<\/strong><\/td><\/tr><\/tbody><\/table><\/figure>\n\n\n\n<figure class=\"wp-block-table\"><table><tbody><tr><td>Ciep\u0142o kominka, d\u017awi\u0119k gitary i piosenka turystyczna\u2013 tak zapowiada si\u0119\u00a0<strong>Festiwal \u201ePrzy Kominku&#8221;<\/strong><br>\u00a0w Targach Kielce.Na scenie\u00a0 wyst\u0105pi\u0105\u00a0<strong>trzy wyj\u0105tkowe gwiazdy polskiej piosenki autorskiej i turystycznej<\/strong>: <br><strong>Tomek Jarmu\u017cewski<\/strong>\u00a0\u2013 mistrz nastrojowych ballad,\u00a0<br><strong>Jan B\u0142yszczak \u201eMufka&#8221;<\/strong>\u00a0\u2013 artysta, kt\u00f3rego g\u0142os i gitara potrafi\u0105 poruszy\u0107 ka\u017cde serce,\u00a0<br><strong>Bez Idola<\/strong>\u00a0\u2013 kultowa grupa, od lat buduj\u0105ca klimat piosenki literackiej i turystycznej.<br><br><strong> Miejsce: Sala Omega, Centrum Kongresowe Targ\u00f3w Kielce<\/strong><br>\u00a0<strong>15 listopada 2025, godz.\u00a0 17:00<\/strong><\/td><\/tr><\/tbody><\/table><\/figure>\n\n\n\n<p>Zapraszamy Ci\u0119 na wyj\u0105tkowy, muzyczny wiecz\u00f3r w kameralnej atmosferze.<br> Na jednej scenie w Centrum Kongresowym Targ\u00f3w Kielce wyst\u0105pi\u0105 trzy zespo\u0142y, kt\u00f3re od lat buduj\u0105 klimat polskiej piosenki autorskiej i turystycznej:<br>&#8211; Tomek Jarmu\u017cewski &#8211; mistrz nastrojowych ballad, znany z projektu &#8220;W g\u00f3rach jest wszystko, co kocham&#8221;, &#8211; Jan B\u0142yszczak &#8220;Mufka&#8221; &#8211; artysta, kt\u00f3rego g\u0142os i gitara potrafi\u0105 poruszy\u0107 ka\u017cde serce, <br>&#8211; Bez Idola &#8211; kultowa grupa, od lat zachwycaj\u0105ca publiczno\u015b\u0107 piosenk\u0105 literack\u0105 i turystyczn\u0105. <br>Festiwal &#8220;Przy Kominku&#8221; to nie tylko koncerty &#8211; to tak\u017ce okazja do rozm\u00f3w i wsp\u00f3lnego muzykowania<br> z artystami. Po koncercie arty\u015bci spotkaj\u0105 si\u0119 z widzami, by razem z nimi porozmawia\u0107, wsp\u00f3lnie zagra\u0107 <br>i celebrowa\u0107 wyj\u0105tkowy muzyczny wiecz\u00f3r. Organizatorzy zach\u0119caj\u0105, aby zabra\u0107 ze sob\u0105 gitary i inne instrumenty, by razem stworzy\u0107 niepowtarzalny klimat jesiennego spotkania przy muzyce.<\/p>\n\n\n\n<p> Obok festiwalu w Centrum Kongresowym od rana trwa\u0107 b\u0119d\u0105 Targi Rzeczy Handmade &#8211; pe\u0142ne inspiracji, r\u0119kodzie\u0142a i unikatowych przedmiot\u00f3w tworzonych z pasj\u0105. <br><br>Wst\u0119p na Targi Rzeczy Handmade jest bezp\u0142atny. <br>Dojazd do targ\u00f3w: &#8211; autobusem MPK &#8211; linie: 21, 25 (przystanek Targi Kielce), 54, 112 (przystanek Batalion\u00f3w Ch\u0142opskich \/ Zak\u0142adowa) &#8211; zobacz rozk\u0142ady jazdy autobus\u00f3w MPK Kielce &#8211; samochodem &#8211; wjazd na parking przez bram\u0119 nr 3 od ul. Zak\u0142adowej.<\/p>\n\n\n\n<p><\/p>\n","protected":false},"excerpt":{"rendered":"<p>Spotkajmy si\u0119 przy muzyce&#8230; Ciep\u0142o kominka, d\u017awi\u0119k gitary i piosenka turystyczna\u2013 tak zapowiada si\u0119\u00a0Festiwal \u201ePrzy Kominku&#8221;\u00a0w Targach Kielce.Na scenie\u00a0 wyst\u0105pi\u0105\u00a0trzy wyj\u0105tkowe gwiazdy polskiej piosenki autorskiej<a class=\"moretag\" href=\"https:\/\/www.sutw-kielce.pl\/?p=12598\"> [&#8230;]<\/a><\/p>\n","protected":false},"author":5,"featured_media":12599,"comment_status":"closed","ping_status":"open","sticky":false,"template":"","format":"standard","meta":{"_bbp_topic_count":0,"_bbp_reply_count":0,"_bbp_total_topic_count":0,"_bbp_total_reply_count":0,"_bbp_voice_count":0,"_bbp_anonymous_reply_count":0,"_bbp_topic_count_hidden":0,"_bbp_reply_count_hidden":0,"_bbp_forum_subforum_count":0,"footnotes":""},"categories":[4],"tags":[41,40],"_links":{"self":[{"href":"https:\/\/www.sutw-kielce.pl\/index.php?rest_route=\/wp\/v2\/posts\/12598"}],"collection":[{"href":"https:\/\/www.sutw-kielce.pl\/index.php?rest_route=\/wp\/v2\/posts"}],"about":[{"href":"https:\/\/www.sutw-kielce.pl\/index.php?rest_route=\/wp\/v2\/types\/post"}],"author":[{"embeddable":true,"href":"https:\/\/www.sutw-kielce.pl\/index.php?rest_route=\/wp\/v2\/users\/5"}],"replies":[{"embeddable":true,"href":"https:\/\/www.sutw-kielce.pl\/index.php?rest_route=%2Fwp%2Fv2%2Fcomments&post=12598"}],"version-history":[{"count":1,"href":"https:\/\/www.sutw-kielce.pl\/index.php?rest_route=\/wp\/v2\/posts\/12598\/revisions"}],"predecessor-version":[{"id":12600,"href":"https:\/\/www.sutw-kielce.pl\/index.php?rest_route=\/wp\/v2\/posts\/12598\/revisions\/12600"}],"wp:featuredmedia":[{"embeddable":true,"href":"https:\/\/www.sutw-kielce.pl\/index.php?rest_route=\/wp\/v2\/media\/12599"}],"wp:attachment":[{"href":"https:\/\/www.sutw-kielce.pl\/index.php?rest_route=%2Fwp%2Fv2%2Fmedia&parent=12598"}],"wp:term":[{"taxonomy":"category","embeddable":true,"href":"https:\/\/www.sutw-kielce.pl\/index.php?rest_route=%2Fwp%2Fv2%2Fcategories&post=12598"},{"taxonomy":"post_tag","embeddable":true,"href":"https:\/\/www.sutw-kielce.pl\/index.php?rest_route=%2Fwp%2Fv2%2Ftags&post=12598"}],"curies":[{"name":"wp","href":"https:\/\/api.w.org\/{rel}","templated":true}]}}