{"id":12586,"date":"2025-11-05T12:08:11","date_gmt":"2025-11-05T11:08:11","guid":{"rendered":"https:\/\/www.sutw-kielce.pl\/?p=12586"},"modified":"2025-11-05T12:09:02","modified_gmt":"2025-11-05T11:09:02","slug":"hej-t-teatr-sen-ior","status":"publish","type":"post","link":"https:\/\/www.sutw-kielce.pl\/?p=12586","title":{"rendered":"&#8220;HEJ-T&#8221; &#8211; Teatr &#8220;SEN-ior&#8221;"},"content":{"rendered":"\n<p><strong>WDK , z okazji \u015awiatowego Dnia Seniora,serdecznie zapraszamy:<\/strong><\/p>\n\n\n\n<p><strong>17 listopada o godz. 17.00 <\/strong>w sali Widowiskowej Wojew\u00f3dzkiego Domu Kultury w Kielcach odb\u0119dzie si\u0119 premiera inscenizacji teatralnej pt. &#8220;HEJ-T&#8221;. Spektakl ten to debiutancki projekt Teatru &#8220;SEN-ior&#8221; zrzeszaj\u0105cego senior\u00f3w i osoby niepe\u0142nosprawne, w tym r\u00f3wnie\u017c niedos\u0142ysz\u0105ce.<br>HEJ-T opowiada o d\u0142ugoletniej przyja\u017ani, kt\u00f3ra zosta\u0142a wystawiona na powa\u017cn\u0105 \u00a0pr\u00f3b\u0119. Za zak\u0142\u00f3cenie i przerwanie relacji mi\u0119dzy bohaterami odpowiedzialna b\u0119dzie nowa kole\u017canka przyj\u0119ta do \u015brodowiska. Oka\u017ce si\u0119 ona hejterk\u0105 burz\u0105c\u0105 ciep\u0142\u0105 \u00a0atmosfer\u0119 panuj\u0105c\u0105 od lat w spo\u0142eczno\u015bci senioralnej. Na szcz\u0119\u015bcie rozs\u0105dek zwyci\u0119\u017cy i zerwane \u00a0przyja\u017anie wytrzymaj\u0105 pr\u00f3b\u0119 czasu. Seniorzy pogodz\u0105 si\u0119 i oka\u017c\u0105 przebaczenie zagubionej kole\u017cance.<\/p>\n\n\n\n<p>Zesp\u00f3\u0142 Teatru &#8220;SEN-ior&#8221; tworz\u0105: Barbara Siuda, Anna Rajczyk, Stanis\u0142awa Kurczy\u0144ska, Jadwiga Betka, El\u017cbieta Gaworek, Henryk Kurtek.<\/p>\n\n\n\n<p>Wst\u0119p wolny.<\/p>\n","protected":false},"excerpt":{"rendered":"<p>WDK , z okazji \u015awiatowego Dnia Seniora,serdecznie zapraszamy: 17 listopada o godz. 17.00 w sali Widowiskowej Wojew\u00f3dzkiego Domu Kultury w Kielcach odb\u0119dzie si\u0119 premiera inscenizacji<a class=\"moretag\" href=\"https:\/\/www.sutw-kielce.pl\/?p=12586\"> [&#8230;]<\/a><\/p>\n","protected":false},"author":5,"featured_media":12587,"comment_status":"closed","ping_status":"open","sticky":false,"template":"","format":"standard","meta":{"_bbp_topic_count":0,"_bbp_reply_count":0,"_bbp_total_topic_count":0,"_bbp_total_reply_count":0,"_bbp_voice_count":0,"_bbp_anonymous_reply_count":0,"_bbp_topic_count_hidden":0,"_bbp_reply_count_hidden":0,"_bbp_forum_subforum_count":0,"footnotes":""},"categories":[4],"tags":[38],"_links":{"self":[{"href":"https:\/\/www.sutw-kielce.pl\/index.php?rest_route=\/wp\/v2\/posts\/12586"}],"collection":[{"href":"https:\/\/www.sutw-kielce.pl\/index.php?rest_route=\/wp\/v2\/posts"}],"about":[{"href":"https:\/\/www.sutw-kielce.pl\/index.php?rest_route=\/wp\/v2\/types\/post"}],"author":[{"embeddable":true,"href":"https:\/\/www.sutw-kielce.pl\/index.php?rest_route=\/wp\/v2\/users\/5"}],"replies":[{"embeddable":true,"href":"https:\/\/www.sutw-kielce.pl\/index.php?rest_route=%2Fwp%2Fv2%2Fcomments&post=12586"}],"version-history":[{"count":2,"href":"https:\/\/www.sutw-kielce.pl\/index.php?rest_route=\/wp\/v2\/posts\/12586\/revisions"}],"predecessor-version":[{"id":12589,"href":"https:\/\/www.sutw-kielce.pl\/index.php?rest_route=\/wp\/v2\/posts\/12586\/revisions\/12589"}],"wp:featuredmedia":[{"embeddable":true,"href":"https:\/\/www.sutw-kielce.pl\/index.php?rest_route=\/wp\/v2\/media\/12587"}],"wp:attachment":[{"href":"https:\/\/www.sutw-kielce.pl\/index.php?rest_route=%2Fwp%2Fv2%2Fmedia&parent=12586"}],"wp:term":[{"taxonomy":"category","embeddable":true,"href":"https:\/\/www.sutw-kielce.pl\/index.php?rest_route=%2Fwp%2Fv2%2Fcategories&post=12586"},{"taxonomy":"post_tag","embeddable":true,"href":"https:\/\/www.sutw-kielce.pl\/index.php?rest_route=%2Fwp%2Fv2%2Ftags&post=12586"}],"curies":[{"name":"wp","href":"https:\/\/api.w.org\/{rel}","templated":true}]}}