{"id":12552,"date":"2025-11-04T09:39:14","date_gmt":"2025-11-04T08:39:14","guid":{"rendered":"https:\/\/www.sutw-kielce.pl\/?p=12552"},"modified":"2025-11-08T10:53:09","modified_gmt":"2025-11-08T09:53:09","slug":"erasmus-projekty-25-26r","status":"publish","type":"post","link":"https:\/\/www.sutw-kielce.pl\/?p=12552","title":{"rendered":"Erasmus +, projekty szkoleniowe 25 &#8211; 26r, Rekrutacja"},"content":{"rendered":"\n<p><strong>&nbsp;  I. <\/strong><strong>\u201e<\/strong><strong>Okno na \u015bwiat \u2013 europejskie mobilno\u015bci gwarancj\u0105 rozwoju \u015awi\u0119tokrzyskiego UTW<\/strong><strong>\u201d<\/strong><\/p>\n\n\n\n<p class=\"has-text-align-center\" style=\"font-size:16px\"><strong>RUSZA REKRUTACJA !!!<\/strong><\/p>\n\n\n\n<p>Projekt skierowany jest do kadry zarz\u0105dzaj\u0105cej oraz edukacyjnej\/ szkoleniowej \u015awi\u0119tokrzyskiego UTW, kt\u00f3rzy wezm\u0105 udzia\u0142 w 10-dniowych mi\u0119dzynarodowych kursach pn.:<\/p>\n\n\n\n<ul>\n<li>\u201eObs\u0142uga narz\u0119dzi ICT, medi\u00f3w spo\u0142eczno\u015bciowych i obr\u00f3bka plik\u00f3w multimedialnych\u201d &#8211; kurs odb\u0119dzie si\u0119 w Hiszpanii na Teneryfie w terminie 09.02.2026 \u2013 18.02.2026 (+2 dni podr\u00f3\u017cy),<\/li>\n\n\n\n<li>\u201eWykorzystanie inteligencji emocjonalnej i metod coachingu w kontek\u015bcie edukacji os\u00f3b doros\u0142ych\u201d \u2013 kurs odb\u0119dzie si\u0119 w Grecji w Rethymno w terminie 27.04.2026 \u2013 06.05.2026 (+2 dni podr\u00f3\u017cy),<\/li>\n\n\n\n<li>\u201eGrywalizacja \u2013 uczenie si\u0119 os\u00f3b doros\u0142ych oparte na grach\u201d \u2013 kurs odb\u0119dzie si\u0119 w Hiszpanii w Granadzie <br>w terminie 11.05.2026 \u2013 20.05.2026 (+2 dni podr\u00f3\u017cy).<\/li>\n<\/ul>\n\n\n\n<p>Uczestnikom projektu zostanie zapewnione:<\/p>\n\n\n\n<ul>\n<li>udzia\u0142 w kursach,<\/li>\n\n\n\n<li>transport, noclegi, wy\u017cywienie, kieszonkowe, <\/li>\n\n\n\n<li>atrakcyjny program sp\u0119dzania czasu wolnego,<\/li>\n\n\n\n<li>ubezpieczenie,<\/li>\n\n\n\n<li style=\"font-size:16px\">przygotowanie j\u0119zykowe, kulturowe i pedagogiczne przed wyjazdem.<br><br>Formularz zg\u0142oszeniowy mo\u017cna pobra\u0107 w biurze \u015aUTW \/ lub pobra\u0107 poni\u017cej\/<br> Formularz nale\u017cy z\u0142o\u017cy\u0107 do dnia 19.11.2025 r.<br><br><strong>Udzia\u0142 w projekcie jest bezp\u0142atny !<\/strong> <br><br><br><strong>&nbsp;<\/strong><br><strong>II. \u201eOkno na \u015bwiat \u2013 europejskie mobilno\u015bci gwarancj\u0105 rozwoju \u015awi\u0119tokrzyskiego UTW\u201d<\/strong><br><br>                                                            <strong>RUSZA REKRUTACJA !!!<\/strong><br><br><br>Projekt skierowany jest do cz\u0142onk\u00f3w \u015awi\u0119tokrzyskiego UTW.<\/li>\n\n\n\n<li>W ramach projektu cz\u0142onkowie \u015aUTW wezm\u0105 udzia\u0142 w grupowej mobilno\u015bci doros\u0142ych os\u00f3b ucz\u0105cych si\u0119 <br>w Turcji.<\/li>\n\n\n\n<li>Celem mobilno\u015bci jest wzrost kompetencji kluczowych s\u0142uchaczy UTW, poznanie metod i technik kszta\u0142cenia, prowadzenia zaj\u0119\u0107 edukacyjnych dla senior\u00f3w w Turcji oraz poznanie tureckiej kultury<br> i zwyczaj\u00f3w.<\/li>\n\n\n\n<li>Termin wyjazdu: 13.04.2026 \u2013 17.04.2026 (+2 dni podr\u00f3\u017cy).<\/li>\n\n\n\n<li>Miejsce mobilno\u015bci*: Istambu\u0142, Turcja<\/li>\n\n\n\n<li>W ramach projektu zapewniamy:<\/li>\n\n\n\n<li>udzia\u0142 w grupowej mobilno\u015bci ucz\u0105cych si\u0119,<\/li>\n\n\n\n<li>przygotowanie j\u0119zykowe, kulturowe i pedagogiczne przed wyjazdem,<\/li>\n\n\n\n<li>ubezpieczenie, kieszonkowe,<\/li>\n\n\n\n<li>transport,<\/li>\n\n\n\n<li>noclegi i wy\u017cywienie,<\/li>\n\n\n\n<li>atrakcyjny program sp\u0119dzania czasu wolnego.<br><br>Formularz zg\u0142oszeniowy mo\u017cna pobra\u0107 w biurze \u015aUTW. \/lub pobra\u0107 poni\u017cej\/<br>Formularz nale\u017cy z\u0142o\u017cy\u0107 do dnia 19.11.2025 r.<br><br><strong>Udzia\u0142 w projekcie jest bezp\u0142atny !<\/strong><\/li>\n<\/ul>\n\n\n\n<p><strong>Formularze do pobrania: <\/strong><br><br><a href=\"https:\/\/www.sutw-kielce.pl\/wp-content\/uploads\/2025\/11\/Formularz-rekrutacyjny-KURS-zalacznik-2.pdf\">Formularz rekrutacyjny  KURS <\/a><br><a href=\"https:\/\/www.sutw-kielce.pl\/wp-content\/uploads\/2025\/11\/Formularz-rekrutacyjny-MOBILNOSC-GRUPOWA-zalacznik-1.pdf\">Formularz rekrutacyjny MOBILNO\u015a\u0106 GRUPOWA<\/a><\/p>\n\n\n\n<p><\/p>\n\n\n\n<p><\/p>\n\n\n\n<p class=\"has-text-align-center\" style=\"font-size:18px\"><strong>REGULAMIN REKRUTACJI do projektu<\/strong><\/p>\n\n\n\n<p class=\"has-text-align-center\"><strong>\u201e<\/strong><strong>Okno na \u015bwiat \u2013 europejskie mobilno\u015bci gwarancj\u0105 rozwoju \u015awi\u0119tokrzyskiego UTW<\/strong><strong>\u201d<\/strong><\/p>\n\n\n\n<p class=\"has-text-align-center\"><strong>nr <\/strong><strong>2025-1-PL01-KA122-ADU-000317732<\/strong><\/p>\n\n\n\n<p><\/p>\n\n\n\n<ol>\n<li>Projekt \u201eOkno na \u015bwiat \u2013 europejskie mobilno\u015bci gwarancj\u0105 rozwoju \u015awi\u0119tokrzyskiego UTW\u201d realizowany jest przez \u015awi\u0119tokrzyski Uniwersytet Trzeciego Wiekuw terminie 01.10.2025 \u2013 30.09.2026.Projekt jest dofinansowany przez Uni\u0119 Europejsk\u0105. Projekt o nr 2025-1-PL01-KA122-ADU-000317732 jest realizowany <br>w ramach programu Erasmus+, akcja kluczowa 1: Mobilno\u015b\u0107 edukacyjna os\u00f3b (w sektorze Edukacja doros\u0142ych).<\/li>\n\n\n\n<li>Celem projektu \u201eOkno na \u015bwiat \u2013 europejskie mobilno\u015bci gwarancj\u0105 rozwoju \u015awi\u0119tokrzyskiego UTW\u201d jest przede wszystkim:<br>&#8211; wzrost wiedzy 3 przedstawicieli kadry zarz\u0105dzaj\u0105cej\/edukacyjnej \u015aUTW w zakresie nowych metod pracy z osobami doros\u0142ymi, tzw. grywalizacji poprzez udzia\u0142 w mi\u0119dzynarodowym kursie;<br>&#8211; wzrost wiedzy 3 przedstawicieli kadry zarz\u0105dzaj\u0105cej\/edukacyjnej \u015aUTW nt. inteligencji emocjonalnej i metod coachingu w edukacji doros\u0142ych poprzez udzia\u0142 w mi\u0119dzynarodowym kursie;<br>&#8211; wzrost wiedzy 3 przedstawicieli kadry zarz\u0105dzaj\u0105cej\/edukacyjnej \u015aUTW w zakresie narz\u0119dzi ICT, medi\u00f3w spo\u0142eczno\u015bciowych w edukacji doros\u0142ych poprzez udzia\u0142 w mi\u0119dzynarodowym kursie;<br>&#8211; wzrost u 10 cz\u0142onk\u00f3w \u015aUTW kompetencji kluczowych (j\u0119zykowych, cyfrowych, kulturowych), wiedzy w zakresie metod kszta\u0142cenia os\u00f3b doros\u0142ych poprzez udzia\u0142 w mi\u0119dzynarodowej mobilno\u015bci;<br>&#8211; nawi\u0105zanie wsp\u00f3\u0142pracy mi\u0119dzynarodowej z zagranicznymi partnerami, a przez to wzmocnienie europejskiego wymiaru plac\u00f3wki.<\/li>\n\n\n\n<li>W ramach projektu 9 przedstawicieli kadry zarz\u0105dzaj\u0105cej, edukacyjno-szkoleniowej \u015aUTW<br>we\u017amie udzia\u0142 w 10-dniowych mi\u0119dzynarodowych kursach o tematyce:<br>&#8211; \u201eGrywalizacja \u2013 uczenie si\u0119 os\u00f3b doros\u0142ych oparte na grach\u201d \u2013 3 osoby \u2013 Hiszpania, Granada,<br>&#8211; \u201eWykorzystanie inteligencji emocjonalnej i metod coachingu w kontek\u015bcie edukacji os\u00f3b doros\u0142ych\u201d \u2013 3 osoby &#8211; Grecja, Rethymno,<br>&#8211; \u201eObs\u0142uga narz\u0119dzi ICT, medi\u00f3w spo\u0142eczno\u015bciowych i obr\u00f3bka plik\u00f3w multimedialnych\u201d \u2013 3 osoby \u2013 Hiszpania, Teneryfa.<\/li>\n\n\n\n<li>Ponadto 10 doros\u0142ych s\u0142uchaczy \u015aUTW we\u017amie udzia\u0142 w grupowej mobilno\u015bci doros\u0142ych ucz\u0105cych si\u0119 w Turcji. Grupie towarzyszy\u0107 b\u0119dzie 2 opiekun\u00f3w. Celem wyjazdu b\u0119dzie poznanie zasad, metod i narz\u0119dzi kszta\u0142cenia, prowadzenia zaj\u0119\u0107 dla os\u00f3b doros\u0142ych w innym kraju i mo\u017cliwo\u015b\u0107 wykorzystania ich w ofercie edukacyjnej UTW.<\/li>\n\n\n\n<li>Rekrutacja do projektu odbywa si\u0119 w terminie od 17.11. 2025 r. do 19.11.2025 r.<\/li>\n\n\n\n<li>Informacja o rekrutacji zostanie zamieszczona na tablicy og\u0142osze\u0144 w gablocie informacyjnej<br>w siedzibie UTW oraz na stronie internetowej organizacji, zostanie r\u00f3wnie\u017c przekazana podczas spotka\u0144 cz\u0142onk\u00f3w UTW.<\/li>\n\n\n\n<li>Wyb\u00f3r uczestnik\u00f3w zostanie dokonany na podstawie z\u0142o\u017conych do biura projektu orygina\u0142\u00f3wformularzy zg\u0142oszeniowych.<\/li>\n\n\n\n<li>Decyzj\u0119 o zakwalifikowaniu do wyjazd\u00f3w na mobilno\u015bci do wskazanej instytucji przyjmuj\u0105cej podejmuje trzyosobowa Komisja, w sk\u0142ad kt\u00f3rej wchodzi3 przedstawicieliUTW (osoby niezale\u017cne, nie bior\u0105ce udzia\u0142u w procesie rekrutacji).<\/li>\n\n\n\n<li>Uczestnikami projektu b\u0119dzie \u0142\u0105cznie 21 os\u00f3b, w tym<br>&#8211; 9 przedstawicieli kadry zarz\u0105dzaj\u0105cej, edukacyjnej, szkoleniowej \u015awi\u0119tokrzyskiego Uniwersytetu Trzeciego Wieku \u2013 w przypadku udzia\u0142u w kursach,<br>&#8211; 12 cz\u0142onk\u00f3w \u015awi\u0119tokrzyskiego Uniwersytetu Trzeciego Wieku (w tym 10 doros\u0142ych s\u0142uchaczy oraz 2 osoby towarzysz\u0105ce \u2013 opiekunowie grupy) \u2013 w przypadku grupowej mobilno\u015bci doros\u0142ych ucz\u0105cych si\u0119.<\/li>\n\n\n\n<li>Kryteria rekrutacyjne:<br><br><strong>I.A. Udzia\u0142 w kursie:<\/strong><br><br>Kryterium rekrutacyjne podstawowe:<br>1) Posiadanie statusu przedstawiciela \u015aUTW (pracownik, cz\u0142onek, wolontariusz):<br>a) kadra zarz\u0105dzaj\u0105ca \u2013 cz\u0142onkowie zarz\u0105du, komisji rewizyjnej, liderzy sekcji, pracownicy,<br>b) kadra edukacyjna\/szkoleniowa \u2013 osoby pracuj\u0105ce z osobami doros\u0142ymi, prowadz\u0105ce r\u00f3\u017cne zaj\u0119cia, kursy, szkolenia, wyk\u0142ady.<br>2) Posiadanie podstawowej znajomo\u015bci j\u0119zyka angielskiego na podstawie o\u015bwiadczenia kandydata oraz testu zawartego w formularzu zg\u0142oszeniowym (ocena: spe\u0142nia\/ nie spe\u0142nia na podstawie formularzy).<br>3) Ocena: spe\u0142nia\/ nie spe\u0142nia na podstawie formularzy rekrutacyjnych. Osoby z ocen\u0105 \u201espe\u0142nia\u201d przejd\u0105 do dalszego etapu rekrutacji).<br>Kryteria rekrutacyjne szczeg\u00f3\u0142owe:<br>1) opis uzasadnienia potrzeby udzia\u0142u w kursie na podstawie pytania otwartego zawartego w formularzu zg\u0142oszeniowym (ocena w skali 0-5 pkt.),<br>2) opis do\u015bwiadczenia w pracy na rzecz UTW na podstawie pytania otwartego zawartego w formularzu zg\u0142oszeniowym (ocena w skali 0-5 pkt.),<br>3) \u201emniejsze szanse\u201d &#8211; przynale\u017cno\u015b\u0107 do jednej ze wskazanych grup na podstawie pytania zawartego w formularzu zg\u0142oszeniowym. Nadane b\u0119d\u0105 punkty w skali od 0 do 1 za spe\u0142nienie ka\u017cdego z kryterium:<br>&#8211; osoba z niepe\u0142nosprawno\u015bci\u0105 (0-1pkt.),<br>&#8211; osoba znajduj\u0105ca si\u0119 w niekorzystnej sytuacji spo\u0142ecznej (\u017cyciowej) (0-1pkt.),<br>&#8211; osoba znajduj\u0105ca si\u0119 w niekorzystnej sytuacji ekonomicznej (0-1pkt.),<br>&#8211; osoba znajduj\u0105ca si\u0119 w niekorzystnej sytuacji geograficznej (tereny wiejskie) (0-1pkt.),<br>&#8211; osoba z problemami zdrowotnymi (w tym choroby przewlek\u0142e) (0-1 pkt.),<br>&#8211; osoba z trudno\u015bciami edukacyjnymi (w tym niski poziom wykszta\u0142cenia) (0-1 pkt.).<\/li>\n<\/ol>\n\n\n\n<p><strong>I.B. Udzia\u0142 w grupowej mobilno\u015bci doros\u0142ych ucz\u0105cych si\u0119:<\/strong><br><br>Kryterium rekrutacyjne podstawowe:<br>1) Posiadanie statusu cz\u0142onka \u015aUTW. Ocena: spe\u0142nia\/ nie spe\u0142nia na podstawie formularzy rekrutacyjnych. Osoby z ocen\u0105 \u201espe\u0142nia\u201d przejd\u0105 do dalszego etapu rekrutacji).<br>Kryteria rekrutacyjne szczeg\u00f3\u0142owe:<br>1) znajomo\u015b\u0107 j\u0119zyka angielskiego na podstawie o\u015bwiadczenia kandydata oraz testu zawartego w formularzu zg\u0142oszeniowym (ocena w skali 0-5 pkt.),<br>2) opis uzasadnienia potrzeby uczestnictwa w mobilno\u015bci na podstawie pytania otwartego zawartego w formularzu zg\u0142oszeniowym (ocena w skali 0-5 pkt.),<br>3) okres przynale\u017cno\u015bci do \u015aUTW na podstawie pytania zawartego w formularzu zg\u0142oszeniowym. Nadawane b\u0119d\u0105 punkty w skali od 0 do 5:<br>\uf02d 10 lat i powy\u017cej \u2013 5 pkt.<br>\uf02d 8 &#8211; 9 lat \u2013 4 pkt.<br>&#8211; 6 &#8211; 7 lat \u2013 3 pkt.<br>&#8211; 4 &#8211; 5 lat \u2013 2 pkt.<br>&#8211; 1 &#8211; 3 lata \u2013 1 pkt.<br>&#8211; mniej ni\u017c 1 rok \u2013 0 pkt.<br>4) opis zaanga\u017cowania w dzia\u0142ania \u015aUTW na podstawie pytania otwartego zawartego w formularzu zg\u0142oszeniowym (ocena w skali 0-5 pkt.),<br>5) poziom kompetencji kluczowych na podstawie pytania zawartego w formularzu zg\u0142oszeniowym. Nadawane b\u0119d\u0105 punkty w skali od 1 do 5.<br>&#8211; poziom podstawowy \u2013 5 pkt.<br>&#8211; poziom dobry \u2013 3 pkt.<br>&#8211; poziom bardzo dobry \u2013 1 pkt.<br>6) \u201emniejsze szanse\u201d &#8211; przynale\u017cno\u015b\u0107 do jednej ze wskazanych grup na podstawie pytania zawartego w formularzu zg\u0142oszeniowym. Nadane b\u0119d\u0105 punkty w skali od 0 do 1 za spe\u0142nienie ka\u017cdego z kryterium:<br>&#8211; osoba z niepe\u0142nosprawno\u015bci\u0105 (0-1pkt.),<br>&#8211; osoba znajduj\u0105ca si\u0119 w niekorzystnej sytuacji spo\u0142ecznej (\u017cyciowej) (0-1pkt.),<br>&#8211; osoba znajduj\u0105ca si\u0119 w niekorzystnej sytuacji ekonomicznej (0-1pkt.),<br>&#8211; osoba znajduj\u0105ca si\u0119 w niekorzystnej sytuacji geograficznej (tereny wiejskie) (0-1pkt.),<br>&#8211; osoba z problemami zdrowotnymi (w tym choroby przewlek\u0142e) (0-1 pkt.),<br>&#8211; osoba z trudno\u015bciami edukacyjnymi (w tym niski poziom wykszta\u0142cenia) (0-1 pkt.).<\/p>\n\n\n\n<ol start=\"11\">\n<li>Punkty uzyskane z powy\u017cej wymienionych kryteri\u00f3w szczeg\u00f3\u0142owych zostan\u0105 do siebie dodane, suma b\u0119dzie stanowi\u0142a o wyniku. Osoby z najwi\u0119ksz\u0105 ilo\u015bci\u0105 punkt\u00f3w zostan\u0105 zakwalifikowane do projektu.<\/li>\n\n\n\n<li>Z procesu rekrutacji zostanie sporz\u0105dzony protok\u00f3\u0142, listy g\u0142\u00f3wne oraz listy rezerwowe.<br>O kolejno\u015bci na listach decydowa\u0107 b\u0119dzie liczba uzyskanych punkt\u00f3w.<\/li>\n\n\n\n<li>Od decyzji komisji rekrutacyjnej b\u0119dzie istnia\u0142a mo\u017cliwo\u015b\u0107 odwo\u0142ania w ci\u0105gu 2 dni, tj. do dnia 25.11.2025 r. Rozpatrzenie odwo\u0142a\u0144 nast\u0105pi do dnia 26.11.2025 r.<\/li>\n\n\n\n<li>W przypadku braku dostatecznej liczby zg\u0142osze\u0144 rekrutacja zostanie powt\u00f3rzona, b\u0119dzie prowadzona w spos\u00f3b ci\u0105g\u0142y.<\/li>\n\n\n\n<li>Komisja w procesie decyzyjnym b\u0119dzie przestrzega\u0142a zasady r\u00f3wno\u015bci p\u0142ci, szans<br>i niedyskryminacji.<\/li>\n\n\n\n<li>Kandydaci zakwalifikowani do udzia\u0142u w projekcie b\u0119d\u0105 zobowi\u0105zani do:<\/li>\n\n\n\n<li>uczestnictwa w zaj\u0119ciach przygotowuj\u0105cych ich do wyjazdu, tj. zaj\u0119ciach z j\u0119zyka angielskiego (20 godz.), zaj\u0119ciach kulturowych (6 godz.), zaj\u0119ciach pedagogicznych<br>(6 godz.),<\/li>\n\n\n\n<li>uczestnictwa w spotkaniach informacyjnych,<\/li>\n\n\n\n<li>posiadania wa\u017cnego dokumentu to\u017csamo\u015bci, na podstawie kt\u00f3rego mog\u0105 podr\u00f3\u017cowa\u0107 po krajach UE,<\/li>\n\n\n\n<li>posiadania wa\u017cnej karty EKUZ,<\/li>\n\n\n\n<li>wykonywania podczas mobilno\u015bci dokumentacji zdj\u0119ciowej,<\/li>\n\n\n\n<li>wype\u0142niania ankiet ewaluacyjnych,<\/li>\n\n\n\n<li>z\u0142o\u017cenia raportu\/sprawozdania po powrocie z mobilno\u015bci oceniaj\u0105cego ca\u0142o\u015bciow\u0105 realizacj\u0119 mobilno\u015bci (raport w systemie Beneficiary Module).<\/li>\n\n\n\n<li>Uczestnicy zakwalifikowani do projektu podpisz\u0105 Umow\u0119 pomi\u0119dzy instytucj\u0105 wysy\u0142aj\u0105c\u0105<br>a uczestnikiem mobilno\u015bci w programie Erasmus+.<\/li>\n\n\n\n<li>Organizacja wysy\u0142aj\u0105ca zastrzega sobie mo\u017cliwo\u015b\u0107 wykluczenia uczestnika\/uczestniczki<br>z projektu w przypadku naruszenia niniejszego Regulaminu, zasad wsp\u00f3\u0142\u017cycia spo\u0142ecznego lub rezygnacji z cz\u0142onkostwa w organizacji.<\/li>\n\n\n\n<li>Uczestnik ma prawo do rezygnacji w projekcie bez ponoszenia odpowiedzialno\u015bci finansowej w przypadku gdy:<br>&#8211; Rezygnacja zosta\u0142a zg\u0142oszona na pi\u015bmie do koordynatora projektu w terminie do 3 dni po zako\u0144czeniu procesu rekrutacyjnego bez podania przyczyny.<br>&#8211; Rezygnacja w trakcie trwania zaj\u0119\u0107 przygotowawczych do mobilno\u015bci jest mo\u017cliwa<br>w przypadku wa\u017cnych powod\u00f3w osobistych lub zdrowotnych, dzia\u0142ania si\u0142y wy\u017cszej,<br>w terminie do 5 dni od zaistnienia przyczyny powoduj\u0105cej konieczno\u015b\u0107 rezygnacji. Przyczyna rezygnacji nie mo\u017ce by\u0107 znana przez uczestnika\/uczestniczk\u0119 w momencie rozpocz\u0119cia udzia\u0142u w projekcie. Rezygnacja musi by\u0107 z\u0142o\u017cona na pi\u015bmie, do kt\u00f3rego nale\u017cy do\u0142\u0105czy\u0107 za\u015bwiadczenie do stosownej sytuacji (np. zwolnienie lekarskie).<\/li>\n\n\n\n<li>W przypadku rezygnacji Uczestnika z udzia\u0142u w zadaniach projektowych lub skre\u015blenia z listy, Uczestnik zobowi\u0105zany jest do zwrotu otrzymanych materia\u0142\u00f3w dydaktycznych<br>i szkoleniowych, najp\u00f3\u017aniej w chwili z\u0142o\u017cenia pisemnej rezygnacji.<\/li>\n\n\n\n<li>W przypadku rezygnacji z udzia\u0142u w projekcie w czasie pobytu za zagranic\u0105 uczestnik\/ uczestniczka zobowi\u0105zana jest do samodzielnej organizacji powrotu do kraju i na w\u0142asny koszt.<\/li>\n\n\n\n<li>W przypadku rezygnacji z udzia\u0142u w projekcie z przyczyn nieuzasadnionych uczestnik jest zobowi\u0105zany do zwrotu poniesionych koszt\u00f3w na organizacj\u0119 jego udzia\u0142u w projekcie.<\/li>\n\n\n\n<li>W trakcie realizacji projektu \u015awi\u0119tokrzyski Uniwersytet Trzeciego Wieku b\u0119dzie promowa\u0142 i zapewni zasady r\u00f3wnych szans oraz zapobiegnie wszelkim formom dyskryminacji, w tym ze wzgl\u0119du na p\u0142e\u0107, wiek, wyznanie itp.<\/li>\n\n\n\n<li>W przypadku zmiany zapis\u00f3w w regulaminie aneks nale\u017cy sporz\u0105dzi\u0107 na pi\u015bmie.<\/li>\n\n\n\n<li>Regulamin rekrutacji wchodzi w \u017cycie z dn. 03.11.2025 r.<\/li>\n<\/ol>\n\n\n\n<p>Kielce, 31.10.2025 r.<\/p>\n\n\n<div class=\"wp-block-image\">\n<figure class=\"aligncenter size-full\"><img loading=\"lazy\" decoding=\"async\" width=\"307\" height=\"61\" src=\"https:\/\/www.sutw-kielce.pl\/wp-content\/uploads\/2025\/10\/Unia-Europ.-dofinansowanie-erasmus-1.jpg\" alt=\"\" class=\"wp-image-12541\" srcset=\"https:\/\/www.sutw-kielce.pl\/wp-content\/uploads\/2025\/10\/Unia-Europ.-dofinansowanie-erasmus-1.jpg 307w, https:\/\/www.sutw-kielce.pl\/wp-content\/uploads\/2025\/10\/Unia-Europ.-dofinansowanie-erasmus-1-300x60.jpg 300w\" sizes=\"(max-width: 307px) 100vw, 307px\" \/><\/figure><\/div>","protected":false},"excerpt":{"rendered":"<p>&nbsp; I. \u201eOkno na \u015bwiat \u2013 europejskie mobilno\u015bci gwarancj\u0105 rozwoju \u015awi\u0119tokrzyskiego UTW\u201d RUSZA REKRUTACJA !!! Projekt skierowany jest do kadry zarz\u0105dzaj\u0105cej oraz edukacyjnej\/ szkoleniowej \u015awi\u0119tokrzyskiego<a class=\"moretag\" href=\"https:\/\/www.sutw-kielce.pl\/?p=12552\"> [&#8230;]<\/a><\/p>\n","protected":false},"author":5,"featured_media":12547,"comment_status":"closed","ping_status":"open","sticky":false,"template":"","format":"standard","meta":{"_bbp_topic_count":0,"_bbp_reply_count":0,"_bbp_total_topic_count":0,"_bbp_total_reply_count":0,"_bbp_voice_count":0,"_bbp_anonymous_reply_count":0,"_bbp_topic_count_hidden":0,"_bbp_reply_count_hidden":0,"_bbp_forum_subforum_count":0,"footnotes":""},"categories":[21],"tags":[32,37],"_links":{"self":[{"href":"https:\/\/www.sutw-kielce.pl\/index.php?rest_route=\/wp\/v2\/posts\/12552"}],"collection":[{"href":"https:\/\/www.sutw-kielce.pl\/index.php?rest_route=\/wp\/v2\/posts"}],"about":[{"href":"https:\/\/www.sutw-kielce.pl\/index.php?rest_route=\/wp\/v2\/types\/post"}],"author":[{"embeddable":true,"href":"https:\/\/www.sutw-kielce.pl\/index.php?rest_route=\/wp\/v2\/users\/5"}],"replies":[{"embeddable":true,"href":"https:\/\/www.sutw-kielce.pl\/index.php?rest_route=%2Fwp%2Fv2%2Fcomments&post=12552"}],"version-history":[{"count":10,"href":"https:\/\/www.sutw-kielce.pl\/index.php?rest_route=\/wp\/v2\/posts\/12552\/revisions"}],"predecessor-version":[{"id":12593,"href":"https:\/\/www.sutw-kielce.pl\/index.php?rest_route=\/wp\/v2\/posts\/12552\/revisions\/12593"}],"wp:featuredmedia":[{"embeddable":true,"href":"https:\/\/www.sutw-kielce.pl\/index.php?rest_route=\/wp\/v2\/media\/12547"}],"wp:attachment":[{"href":"https:\/\/www.sutw-kielce.pl\/index.php?rest_route=%2Fwp%2Fv2%2Fmedia&parent=12552"}],"wp:term":[{"taxonomy":"category","embeddable":true,"href":"https:\/\/www.sutw-kielce.pl\/index.php?rest_route=%2Fwp%2Fv2%2Fcategories&post=12552"},{"taxonomy":"post_tag","embeddable":true,"href":"https:\/\/www.sutw-kielce.pl\/index.php?rest_route=%2Fwp%2Fv2%2Ftags&post=12552"}],"curies":[{"name":"wp","href":"https:\/\/api.w.org\/{rel}","templated":true}]}}