{"id":12443,"date":"2025-10-21T00:21:27","date_gmt":"2025-10-20T22:21:27","guid":{"rendered":"https:\/\/www.sutw-kielce.pl\/?p=12443"},"modified":"2025-10-23T11:32:14","modified_gmt":"2025-10-23T09:32:14","slug":"kolorowy-ptak-zaczarowany-swiat-agnieszki-osieckiej-program-barbary-olszowy-2","status":"publish","type":"post","link":"https:\/\/www.sutw-kielce.pl\/?p=12443","title":{"rendered":"\u201dKolorowy ptak- zaczarowany \u015bwiat Agnieszki Osieckiej\u201d program Barbary Olszowy"},"content":{"rendered":"\n<p>W sobot\u0119 18.10.2025 na spotkaniu \u201eKlubu nad Silnic\u0105\u201d pani Barbara Olszowy\u00a0 przedstawi\u0142a\u00a0 program pt. &#8221; Kolorowy ptak- zaczarowany \u015bwiat Agnieszki Osieckiej \u201d cz\u0119\u015b\u0107 II.<\/p>\n\n\n\n<p>Na tle pi\u0119knego zdj\u0119cia poetki i w jesiennej dekoracji sali pani Barbara opowiada\u0142a nam o \u017cyciu artystki. Us\u0142yszeli\u015bmy wiele ciekawostek z \u017cycia prywatnego Agnieszki Osieckiej, jej zwi\u0105zk\u00f3w z wybranymi m\u0119\u017cczyznami i jej ca\u0142ym \u017cyciu pe\u0142nym wyzwa\u0144, kt\u00f3rym stara\u0142a si\u0119 sprosta\u0107.\u00a0\u00a0\u00a0\u00a0\u00a0<\/p>\n\n\n\n<p>\u00a0\u00a0Opowie\u015b\u0107 o \u017cyciu artystki ilustrowana by\u0142a wierszami i piosenkami z tekstami poetki w wykonaniu pani Barbary i pani Weroniki.\u00a0\u00a0\u00a0\u00a0\u00a0\u00a0\u00a0\u00a0\u00a0\u00a0\u00a0\u00a0\u00a0\u00a0 \u00a0\u00a0\u00a0\u00a0\u00a0\u00a0\u00a0\u00a0\u00a0\u00a0\u00a0\u00a0\u00a0\u00a0\u00a0\u00a0\u00a0\u00a0\u00a0\u00a0\u00a0\u00a0\u00a0\u00a0\u00a0\u00a0\u00a0\u00a0\u00a0\u00a0\u00a0\u00a0\u00a0\u00a0\u00a0\u00a0\u00a0\u00a0\u00a0\u00a0\u00a0\u00a0\u00a0\u00a0\u00a0\u00a0\u00a0\u00a0\u00a0\u00a0\u00a0\u00a0\u00a0\u00a0\u00a0\u00a0\u00a0\u00a0\u00a0\u00a0\u00a0\u00a0\u00a0\u00a0\u00a0\u00a0\u00a0\u00a0\u00a0\u00a0\u00a0\u00a0\u00a0\u00a0\u00a0\u00a0\u00a0\u00a0\u00a0\u00a0\u00a0\u00a0\u00a0\u00a0<\/p>\n\n\n\n<p>Na zako\u0144czenie pani Barbara zadeklamowa\u0142a wiersz Wojciecha M\u0142ynarskiego napisany po \u015bmierci Agnieszki Osieckiej oraz wiersz poetki \u201eLitania do skowronka \u201d,  kt\u00f3rego ostatnia fraza \u201e\u017cegnam was, \u017cegnam was\u201d mocno poruszy\u0142a s\u0142uchaczy.<\/p>\n\n\n\n<p> Dzi\u0119kujemy pani Barbarze, pani Weronice i pani Bo\u017cenie za tak ciekawe i wielostronne pokazanie postaci jak\u0105 by\u0142a Agnieszka Osiecka i przybli\u017cenie jej tw\u00f3rczo\u015bci. Agnieszka Osiecka by\u0142a tak barwn\u0105 postaci\u0105, \u017ce tematu opowiadania o jej \u017cyciu starczy te\u017c na III cz\u0119\u015b\u0107 wyst\u0119pu, tym bardziej pokazywanego w tak atrakcyjnej formie.\u00a0\u00a0\u00a0\u00a0\u00a0\u00a0\u00a0\u00a0\u00a0\u00a0\u00a0\u00a0\u00a0\u00a0\u00a0\u00a0\u00a0\u00a0\u00a0\u00a0\u00a0\u00a0\u00a0\u00a0\u00a0\u00a0\u00a0\u00a0\u00a0\u00a0\u00a0\u00a0\u00a0\u00a0\u00a0\u00a0\u00a0\u00a0\u00a0\u00a0\u00a0\u00a0\u00a0\u00a0\u00a0\u00a0\u00a0\u00a0\u00a0\u00a0\u00a0\u00a0\u00a0\u00a0\u00a0\u00a0\u00a0\u00a0\u00a0\u00a0\u00a0\u00a0\u00a0\u00a0\u00a0\u00a0\u00a0\u00a0\u00a0\u00a0\u00a0\u00a0\u00a0\u00a0\u00a0\u00a0\u00a0\u00a0\u00a0\u00a0\u00a0\u00a0\u00a0\u00a0\u00a0\u00a0\u00a0\u00a0\u00a0\u00a0\u00a0\u00a0\u00a0\u00a0\u00a0\u00a0\u00a0\u00a0\u00a0\u00a0\u00a0\u00a0\u00a0\u00a0\u00a0\u00a0\u00a0\u00a0\u00a0\u00a0\u00a0\u00a0\u00a0\u00a0\u00a0\u00a0\u00a0\u00a0\u00a0\u00a0\u00a0\u00a0\u00a0\u00a0\u00a0\u00a0\u00a0\u00a0\u00a0\u00a0\u00a0\u00a0\u00a0\u00a0\u00a0\u00a0\u00a0\u00a0\u00a0\u00a0\u00a0\u00a0\u00a0\u00a0\u00a0\u00a0\u00a0\u00a0\u00a0\u00a0\u00a0\u00a0\u00a0\u00a0\u00a0\u00a0\u00a0\u00a0\u00a0\u00a0\u00a0\u00a0\u00a0\u00a0\u00a0\u00a0\u00a0\u00a0\u00a0 \u00a0\u00a0\u00a0\u00a0\u00a0\u00a0\u00a0\u00a0\u00a0\u00a0\u00a0\u00a0\u00a0\u00a0\u00a0\u00a0\u00a0\u00a0\u00a0\u00a0\u00a0\u00a0\u00a0\u00a0\u00a0\u00a0\u00a0\u00a0\u00a0\u00a0\u00a0\u00a0\u00a0\u00a0\u00a0\u00a0\u00a0\u00a0\u00a0\u00a0\u00a0\u00a0\u00a0\u00a0\u00a0\u00a0\u00a0\u00a0\u00a0\u00a0\u00a0\u00a0\u00a0\u00a0\u00a0\u00a0\u00a0\u00a0\u00a0\u00a0\u00a0\u00a0\u00a0\u00a0\u00a0\u00a0\u00a0\u00a0\u00a0\u00a0\u00a0\u00a0\u00a0\u00a0\u00a0\u00a0\u00a0\u00a0\u00a0\u00a0\u00a0\u00a0\u00a0\u00a0\u00a0\u00a0\u00a0\u00a0\u00a0\u00a0\u00a0\u00a0\u00a0\u00a0\u00a0\u00a0\u00a0\u00a0\u00a0\u00a0\u00a0\u00a0\u00a0\u00a0\u00a0\u00a0\u00a0\u00a0\u00a0\u00a0\u00a0\u00a0\u00a0\u00a0\u00a0\u00a0\u00a0\u00a0\u00a0\u00a0\u00a0\u00a0\u00a0\u00a0\u00a0\u00a0\u00a0\u00a0\u00a0\u00a0\u00a0\u00a0\u00a0\u00a0\u00a0\u00a0\u00a0\u00a0\u00a0\u00a0\u00a0\u00a0\u00a0\u00a0\u00a0\u00a0\u00a0\u00a0\u00a0\u00a0\u00a0\u00a0\u00a0\u00a0\u00a0\u00a0\u00a0\u00a0\u00a0\u00a0\u00a0\u00a0\u00a0\u00a0\u00a0\u00a0\u00a0\u00a0\u00a0\u00a0\u00a0\u00a0\u00a0\u00a0\u00a0\u00a0\u00a0\u00a0\u00a0\u00a0\u00a0\u00a0\u00a0\u00a0\u00a0\u00a0\u00a0\u00a0\u00a0\u00a0\u00a0\u00a0\u00a0\u00a0\u00a0\u00a0\u00a0\u00a0\u00a0\u00a0\u00a0\u00a0\u00a0\u00a0\u00a0\u00a0\u00a0\u00a0\u00a0\u00a0\u00a0\u00a0\u00a0\u00a0\u00a0\u00a0\u00a0\u00a0\u00a0\u00a0\u00a0\u00a0\u00a0\u00a0\u00a0\u00a0\u00a0\u00a0\u00a0\u00a0\u00a0\u00a0Ewa Rudawska<\/p>\n\n\n\n<p>zdj\u0119cia: Weronika Czerw<\/p>\n\n\n\n<figure class=\"wp-block-gallery has-nested-images columns-default is-cropped wp-block-gallery-1 is-layout-flex wp-block-gallery-is-layout-flex\">\n<figure class=\"wp-block-image size-medium\"><a href=\"https:\/\/www.sutw-kielce.pl\/wp-content\/uploads\/2025\/10\/20251018_103919.jpg\"><img loading=\"lazy\" decoding=\"async\" width=\"225\" height=\"300\" data-id=\"12450\" src=\"https:\/\/www.sutw-kielce.pl\/wp-content\/uploads\/2025\/10\/20251018_103919-225x300.jpg\" alt=\"\" class=\"wp-image-12450\" srcset=\"https:\/\/www.sutw-kielce.pl\/wp-content\/uploads\/2025\/10\/20251018_103919-225x300.jpg 225w, https:\/\/www.sutw-kielce.pl\/wp-content\/uploads\/2025\/10\/20251018_103919-768x1024.jpg 768w, https:\/\/www.sutw-kielce.pl\/wp-content\/uploads\/2025\/10\/20251018_103919-1152x1536.jpg 1152w, https:\/\/www.sutw-kielce.pl\/wp-content\/uploads\/2025\/10\/20251018_103919-1536x2048.jpg 1536w, https:\/\/www.sutw-kielce.pl\/wp-content\/uploads\/2025\/10\/20251018_103919.jpg 1610w\" sizes=\"(max-width: 225px) 100vw, 225px\" \/><\/a><\/figure>\n\n\n\n<figure class=\"wp-block-image size-medium\"><a href=\"https:\/\/www.sutw-kielce.pl\/wp-content\/uploads\/2025\/10\/20251018_112245.jpg\"><img loading=\"lazy\" decoding=\"async\" width=\"300\" height=\"217\" data-id=\"12448\" src=\"https:\/\/www.sutw-kielce.pl\/wp-content\/uploads\/2025\/10\/20251018_112245-300x217.jpg\" alt=\"\" class=\"wp-image-12448\" srcset=\"https:\/\/www.sutw-kielce.pl\/wp-content\/uploads\/2025\/10\/20251018_112245-300x217.jpg 300w, https:\/\/www.sutw-kielce.pl\/wp-content\/uploads\/2025\/10\/20251018_112245-1024x740.jpg 1024w, https:\/\/www.sutw-kielce.pl\/wp-content\/uploads\/2025\/10\/20251018_112245-768x555.jpg 768w, https:\/\/www.sutw-kielce.pl\/wp-content\/uploads\/2025\/10\/20251018_112245-1536x1109.jpg 1536w, https:\/\/www.sutw-kielce.pl\/wp-content\/uploads\/2025\/10\/20251018_112245.jpg 1649w\" sizes=\"(max-width: 300px) 100vw, 300px\" \/><\/a><\/figure>\n\n\n\n<figure class=\"wp-block-image size-medium\"><a href=\"https:\/\/www.sutw-kielce.pl\/wp-content\/uploads\/2025\/10\/20251018_114751.jpg\"><img loading=\"lazy\" decoding=\"async\" width=\"300\" height=\"210\" data-id=\"12449\" src=\"https:\/\/www.sutw-kielce.pl\/wp-content\/uploads\/2025\/10\/20251018_114751-300x210.jpg\" alt=\"\" class=\"wp-image-12449\" srcset=\"https:\/\/www.sutw-kielce.pl\/wp-content\/uploads\/2025\/10\/20251018_114751-300x210.jpg 300w, https:\/\/www.sutw-kielce.pl\/wp-content\/uploads\/2025\/10\/20251018_114751-1024x716.jpg 1024w, https:\/\/www.sutw-kielce.pl\/wp-content\/uploads\/2025\/10\/20251018_114751-768x537.jpg 768w, https:\/\/www.sutw-kielce.pl\/wp-content\/uploads\/2025\/10\/20251018_114751-1536x1075.jpg 1536w, https:\/\/www.sutw-kielce.pl\/wp-content\/uploads\/2025\/10\/20251018_114751-120x85.jpg 120w, https:\/\/www.sutw-kielce.pl\/wp-content\/uploads\/2025\/10\/20251018_114751.jpg 1711w\" sizes=\"(max-width: 300px) 100vw, 300px\" \/><\/a><\/figure>\n\n\n\n<figure class=\"wp-block-image size-medium\"><a href=\"https:\/\/www.sutw-kielce.pl\/wp-content\/uploads\/2025\/10\/IMG-20251018-WA0003.jpg\"><img loading=\"lazy\" decoding=\"async\" width=\"300\" height=\"225\" data-id=\"12444\" src=\"https:\/\/www.sutw-kielce.pl\/wp-content\/uploads\/2025\/10\/IMG-20251018-WA0003-300x225.jpg\" alt=\"\" class=\"wp-image-12444\" srcset=\"https:\/\/www.sutw-kielce.pl\/wp-content\/uploads\/2025\/10\/IMG-20251018-WA0003-300x225.jpg 300w, https:\/\/www.sutw-kielce.pl\/wp-content\/uploads\/2025\/10\/IMG-20251018-WA0003-1024x768.jpg 1024w, https:\/\/www.sutw-kielce.pl\/wp-content\/uploads\/2025\/10\/IMG-20251018-WA0003-768x576.jpg 768w, https:\/\/www.sutw-kielce.pl\/wp-content\/uploads\/2025\/10\/IMG-20251018-WA0003-1536x1152.jpg 1536w, https:\/\/www.sutw-kielce.pl\/wp-content\/uploads\/2025\/10\/IMG-20251018-WA0003.jpg 1600w\" sizes=\"(max-width: 300px) 100vw, 300px\" \/><\/a><\/figure>\n\n\n\n<figure class=\"wp-block-image size-medium\"><a href=\"https:\/\/www.sutw-kielce.pl\/wp-content\/uploads\/2025\/10\/IMG-20251018-WA0004.jpg\"><img loading=\"lazy\" decoding=\"async\" width=\"225\" height=\"300\" data-id=\"12445\" src=\"https:\/\/www.sutw-kielce.pl\/wp-content\/uploads\/2025\/10\/IMG-20251018-WA0004-225x300.jpg\" alt=\"\" class=\"wp-image-12445\" srcset=\"https:\/\/www.sutw-kielce.pl\/wp-content\/uploads\/2025\/10\/IMG-20251018-WA0004-225x300.jpg 225w, https:\/\/www.sutw-kielce.pl\/wp-content\/uploads\/2025\/10\/IMG-20251018-WA0004-768x1024.jpg 768w, https:\/\/www.sutw-kielce.pl\/wp-content\/uploads\/2025\/10\/IMG-20251018-WA0004-1152x1536.jpg 1152w, https:\/\/www.sutw-kielce.pl\/wp-content\/uploads\/2025\/10\/IMG-20251018-WA0004.jpg 1200w\" sizes=\"(max-width: 225px) 100vw, 225px\" \/><\/a><\/figure>\n\n\n\n<figure class=\"wp-block-image size-medium\"><a href=\"https:\/\/www.sutw-kielce.pl\/wp-content\/uploads\/2025\/10\/IMG-20251018-WA0005.jpg\"><img loading=\"lazy\" decoding=\"async\" width=\"300\" height=\"225\" data-id=\"12446\" src=\"https:\/\/www.sutw-kielce.pl\/wp-content\/uploads\/2025\/10\/IMG-20251018-WA0005-300x225.jpg\" alt=\"\" class=\"wp-image-12446\" srcset=\"https:\/\/www.sutw-kielce.pl\/wp-content\/uploads\/2025\/10\/IMG-20251018-WA0005-300x225.jpg 300w, https:\/\/www.sutw-kielce.pl\/wp-content\/uploads\/2025\/10\/IMG-20251018-WA0005-1024x768.jpg 1024w, https:\/\/www.sutw-kielce.pl\/wp-content\/uploads\/2025\/10\/IMG-20251018-WA0005-768x576.jpg 768w, https:\/\/www.sutw-kielce.pl\/wp-content\/uploads\/2025\/10\/IMG-20251018-WA0005-1536x1152.jpg 1536w, https:\/\/www.sutw-kielce.pl\/wp-content\/uploads\/2025\/10\/IMG-20251018-WA0005.jpg 1600w\" sizes=\"(max-width: 300px) 100vw, 300px\" \/><\/a><\/figure>\n\n\n\n<figure class=\"wp-block-image size-medium\"><a href=\"https:\/\/www.sutw-kielce.pl\/wp-content\/uploads\/2025\/10\/IMG-20251018-WA0006.jpg\"><img loading=\"lazy\" decoding=\"async\" width=\"300\" height=\"225\" data-id=\"12447\" src=\"https:\/\/www.sutw-kielce.pl\/wp-content\/uploads\/2025\/10\/IMG-20251018-WA0006-300x225.jpg\" alt=\"\" class=\"wp-image-12447\" srcset=\"https:\/\/www.sutw-kielce.pl\/wp-content\/uploads\/2025\/10\/IMG-20251018-WA0006-300x225.jpg 300w, https:\/\/www.sutw-kielce.pl\/wp-content\/uploads\/2025\/10\/IMG-20251018-WA0006-1024x768.jpg 1024w, https:\/\/www.sutw-kielce.pl\/wp-content\/uploads\/2025\/10\/IMG-20251018-WA0006-768x576.jpg 768w, https:\/\/www.sutw-kielce.pl\/wp-content\/uploads\/2025\/10\/IMG-20251018-WA0006-1536x1152.jpg 1536w, https:\/\/www.sutw-kielce.pl\/wp-content\/uploads\/2025\/10\/IMG-20251018-WA0006.jpg 1600w\" sizes=\"(max-width: 300px) 100vw, 300px\" \/><\/a><\/figure>\n<\/figure>\n","protected":false},"excerpt":{"rendered":"<p>W sobot\u0119 18.10.2025 na spotkaniu \u201eKlubu nad Silnic\u0105\u201d pani Barbara Olszowy\u00a0 przedstawi\u0142a\u00a0 program pt. &#8221; Kolorowy ptak- zaczarowany \u015bwiat Agnieszki Osieckiej \u201d cz\u0119\u015b\u0107 II. Na<a class=\"moretag\" href=\"https:\/\/www.sutw-kielce.pl\/?p=12443\"> [&#8230;]<\/a><\/p>\n","protected":false},"author":6,"featured_media":12449,"comment_status":"closed","ping_status":"open","sticky":false,"template":"","format":"standard","meta":{"_bbp_topic_count":0,"_bbp_reply_count":0,"_bbp_total_topic_count":0,"_bbp_total_reply_count":0,"_bbp_voice_count":0,"_bbp_anonymous_reply_count":0,"_bbp_topic_count_hidden":0,"_bbp_reply_count_hidden":0,"_bbp_forum_subforum_count":0,"footnotes":""},"categories":[10],"tags":[],"_links":{"self":[{"href":"https:\/\/www.sutw-kielce.pl\/index.php?rest_route=\/wp\/v2\/posts\/12443"}],"collection":[{"href":"https:\/\/www.sutw-kielce.pl\/index.php?rest_route=\/wp\/v2\/posts"}],"about":[{"href":"https:\/\/www.sutw-kielce.pl\/index.php?rest_route=\/wp\/v2\/types\/post"}],"author":[{"embeddable":true,"href":"https:\/\/www.sutw-kielce.pl\/index.php?rest_route=\/wp\/v2\/users\/6"}],"replies":[{"embeddable":true,"href":"https:\/\/www.sutw-kielce.pl\/index.php?rest_route=%2Fwp%2Fv2%2Fcomments&post=12443"}],"version-history":[{"count":3,"href":"https:\/\/www.sutw-kielce.pl\/index.php?rest_route=\/wp\/v2\/posts\/12443\/revisions"}],"predecessor-version":[{"id":12456,"href":"https:\/\/www.sutw-kielce.pl\/index.php?rest_route=\/wp\/v2\/posts\/12443\/revisions\/12456"}],"wp:featuredmedia":[{"embeddable":true,"href":"https:\/\/www.sutw-kielce.pl\/index.php?rest_route=\/wp\/v2\/media\/12449"}],"wp:attachment":[{"href":"https:\/\/www.sutw-kielce.pl\/index.php?rest_route=%2Fwp%2Fv2%2Fmedia&parent=12443"}],"wp:term":[{"taxonomy":"category","embeddable":true,"href":"https:\/\/www.sutw-kielce.pl\/index.php?rest_route=%2Fwp%2Fv2%2Fcategories&post=12443"},{"taxonomy":"post_tag","embeddable":true,"href":"https:\/\/www.sutw-kielce.pl\/index.php?rest_route=%2Fwp%2Fv2%2Ftags&post=12443"}],"curies":[{"name":"wp","href":"https:\/\/api.w.org\/{rel}","templated":true}]}}