{"id":12431,"date":"2025-10-17T16:01:16","date_gmt":"2025-10-17T14:01:16","guid":{"rendered":"https:\/\/www.sutw-kielce.pl\/?p=12431"},"modified":"2025-10-17T16:01:16","modified_gmt":"2025-10-17T14:01:16","slug":"materia-nie-jest-martwawystawy-rzezby-henryka-sikorymateria-nie-jest-martwa","status":"publish","type":"post","link":"https:\/\/www.sutw-kielce.pl\/?p=12431","title":{"rendered":"\u201eMateria nie jest martwa&#8221;wystawy rze\u017aby Henryka Sikory\u201eMateria nie jest martwa&#8221;"},"content":{"rendered":"\n<p>Wernisa\u017c odby\u0142 si\u0119 si\u0119 16 pa\u017adziernika (czwartek) o godz. 17.00 w Galerii Biblioteki Uniwersytetu Jana Kochanowskiego w Kielcach.<\/p>\n\n\n\n<p>Henryk Sikora urodzi\u0142 si\u0119 w 1957 roku w Czaplowie w G\u00f3rach \u015awi\u0119tokrzyskich (gmina Bieliny). Jest absolwentem Pa\u0144stwowego Liceum Sztuk Plastycznych im. J\u00f3zefa Szermentowskiego w Kielcach. W latach 1978-1982 studiowa\u0142 filozofi\u0119 i pedagogik\u0119 na Wydziale Artystyczno-Pedagogicznym Uniwersytetu \u015al\u0105skiego w Cieszynie, a w latach 1981-1986 rze\u017ab\u0119. Dyplom obroni\u0142 w pracowni u prof. Jana Hermy. Doktorat i habilitacj\u0119 uzyska\u0142 na Wydziale Rze\u017aby Akademii Sztuk Pi\u0119knych im. Jana Matejki w Krakowie. Obecnie zatrudniony na stanowisku profesora w Instytucie Sztuk Wizualnych Uniwersytetu Jana Kochanowskiego w Kielcach, gdzie prowadzi pracowni\u0119 rze\u017aby.<\/p>\n\n\n\n<p>Artysta zaprezentuje prace rze\u017abiarskie oraz cykl fotografii.\u00a0<br>Wystawa Henryka Sikory otwiera obchody jubileuszu 25-lecia Galerii Uniwersyteckiej.\u00a0<br>Kurator wystawy: Aneta Tkacz<br><br><strong>Patronat Honorowy<\/strong>:<br>JM Rektor Uniwersytetu Jana Kochanowskiego w Kielcach prof. dr hab. Beata Wojciechowska<\/p>\n\n\n\n<p><strong>Mecenat:<\/strong><br>Zwi\u0105zek Polskich Artyst\u00f3w Plastyk\u00f3w Okr\u0119g Kielecki, Zwi\u0105zek Polskich Artyst\u00f3w Rze\u017abiarzy Okr\u0119g Kielce<\/p>\n\n\n\n<p><strong>Patronat medialny:<\/strong><br>Radio Kielce, Radio eM Kielce, Radio Fama, Radio Fraszka, TV \u015awi\u0119tokrzyska, TVP3 Kielce<\/p>\n\n\n\n<p><strong>Termin wystawy: 16 pa\u017adziernika \u2013 31 grudnia 2025<\/strong> <\/p>\n\n\n\n<p>Wystawa dost\u0119pna w godzinach pracy Biblioteki Uniwersyteckiej. Wst\u0119p wolny!<\/p>\n","protected":false},"excerpt":{"rendered":"<p>Wernisa\u017c odby\u0142 si\u0119 si\u0119 16 pa\u017adziernika (czwartek) o godz. 17.00 w Galerii Biblioteki Uniwersytetu Jana Kochanowskiego w Kielcach. Henryk Sikora urodzi\u0142 si\u0119 w 1957 roku<a class=\"moretag\" href=\"https:\/\/www.sutw-kielce.pl\/?p=12431\"> [&#8230;]<\/a><\/p>\n","protected":false},"author":5,"featured_media":12432,"comment_status":"open","ping_status":"open","sticky":false,"template":"","format":"standard","meta":{"_bbp_topic_count":0,"_bbp_reply_count":0,"_bbp_total_topic_count":0,"_bbp_total_reply_count":0,"_bbp_voice_count":0,"_bbp_anonymous_reply_count":0,"_bbp_topic_count_hidden":0,"_bbp_reply_count_hidden":0,"_bbp_forum_subforum_count":0,"footnotes":""},"categories":[4],"tags":[34],"_links":{"self":[{"href":"https:\/\/www.sutw-kielce.pl\/index.php?rest_route=\/wp\/v2\/posts\/12431"}],"collection":[{"href":"https:\/\/www.sutw-kielce.pl\/index.php?rest_route=\/wp\/v2\/posts"}],"about":[{"href":"https:\/\/www.sutw-kielce.pl\/index.php?rest_route=\/wp\/v2\/types\/post"}],"author":[{"embeddable":true,"href":"https:\/\/www.sutw-kielce.pl\/index.php?rest_route=\/wp\/v2\/users\/5"}],"replies":[{"embeddable":true,"href":"https:\/\/www.sutw-kielce.pl\/index.php?rest_route=%2Fwp%2Fv2%2Fcomments&post=12431"}],"version-history":[{"count":1,"href":"https:\/\/www.sutw-kielce.pl\/index.php?rest_route=\/wp\/v2\/posts\/12431\/revisions"}],"predecessor-version":[{"id":12433,"href":"https:\/\/www.sutw-kielce.pl\/index.php?rest_route=\/wp\/v2\/posts\/12431\/revisions\/12433"}],"wp:featuredmedia":[{"embeddable":true,"href":"https:\/\/www.sutw-kielce.pl\/index.php?rest_route=\/wp\/v2\/media\/12432"}],"wp:attachment":[{"href":"https:\/\/www.sutw-kielce.pl\/index.php?rest_route=%2Fwp%2Fv2%2Fmedia&parent=12431"}],"wp:term":[{"taxonomy":"category","embeddable":true,"href":"https:\/\/www.sutw-kielce.pl\/index.php?rest_route=%2Fwp%2Fv2%2Fcategories&post=12431"},{"taxonomy":"post_tag","embeddable":true,"href":"https:\/\/www.sutw-kielce.pl\/index.php?rest_route=%2Fwp%2Fv2%2Ftags&post=12431"}],"curies":[{"name":"wp","href":"https:\/\/api.w.org\/{rel}","templated":true}]}}