{"id":12393,"date":"2025-10-14T11:56:48","date_gmt":"2025-10-14T09:56:48","guid":{"rendered":"https:\/\/www.sutw-kielce.pl\/?p=12393"},"modified":"2025-10-14T11:57:51","modified_gmt":"2025-10-14T09:57:51","slug":"v-regionalny-przeglad-piesni-patriotycznej","status":"publish","type":"post","link":"https:\/\/www.sutw-kielce.pl\/?p=12393","title":{"rendered":"V Regionalny Przegl\u0105d Pie\u015bni Patriotycznej"},"content":{"rendered":"\n<p>V Regionalny Przegl\u0105d Pie\u015bni Patriotycznej to  wyj\u0105tkowe wydarzenie, kt\u00f3re \u0142\u0105czy muzyk\u0119, histori\u0119 i warto\u015bci patriotyczne. To nie tylko konkurs, ale tak\u017ce okazja do piel\u0119gnowania polskiej tradycji i kultury poprzez \u015bpiew.<\/p>\n\n\n\n<p>Organizatorami przegl\u0105du s\u0105 Wojew\u00f3dzki Dom Kultury im. J\u00f3zefa Pi\u0142sudskiego w Kielcach oraz Starostwo Powiatowe w Kielcach, przy wsp\u00f3\u0142udziale Miejskiego Centrum Kultury w Ostrowcu \u015awi\u0119tokrzyskim oraz Starostwa Powiatowego we W\u0142oszczowie.<\/p>\n\n\n\n<p>Patronat honorowy nad wydarzeniem obj\u0119\u0142a Renata Janik &#8211; Marsza\u0142ek Wojew\u00f3dztwa \u015awi\u0119tokrzyskiego, a w\u015br\u00f3d patron\u00f3w medialnych znajduj\u0105 si\u0119 Echo Dnia, Polskie Radio Kielce, Radio eM, TVP3 Kielce oraz Portal Informacji Kulturalnej Wojew\u00f3dztwa \u015awi\u0119tokrzyskiego.<br><br>Ostatnie fina\u0142owe przes\u0142uchanie odb\u0119dzie si\u0119 19 pa\u017adziernika 2025 (niedziela) &#8211; godz. 10:00, Wojew\u00f3dzki Dom Kultury w Kielcach. <br>Do fina\u0142u zakwalifikowa\u0142a si\u0119  grupa wokalna <strong>&#8220;Tu i Teraz&#8221;<\/strong> ze \u015awi\u0119tokrzyskiego UTW. <\/p>\n\n\n\n<p>Wielki fina\u0142 zaplanowano na <strong>26 pa\u017adziernika 2025<\/strong> roku w Wojew\u00f3dzkim Domu Kultury w Kielcach. <br>Pocz\u0105tek o godz. 10.00.<\/p>\n\n\n\n<p>Zach\u0119camy s\u0142uchaczy do aktywnego wspierania senioralnych artyst\u00f3w, a w szczeg\u00f3lno\u015bci nasze kole\u017canki<br> i koleg\u0119 z grupy &#8220;Tu i Teraz&#8221;.<\/p>\n","protected":false},"excerpt":{"rendered":"<p>V Regionalny Przegl\u0105d Pie\u015bni Patriotycznej to wyj\u0105tkowe wydarzenie, kt\u00f3re \u0142\u0105czy muzyk\u0119, histori\u0119 i warto\u015bci patriotyczne. To nie tylko konkurs, ale tak\u017ce okazja do piel\u0119gnowania polskiej<a class=\"moretag\" href=\"https:\/\/www.sutw-kielce.pl\/?p=12393\"> [&#8230;]<\/a><\/p>\n","protected":false},"author":5,"featured_media":12394,"comment_status":"closed","ping_status":"open","sticky":false,"template":"","format":"standard","meta":{"_bbp_topic_count":0,"_bbp_reply_count":0,"_bbp_total_topic_count":0,"_bbp_total_reply_count":0,"_bbp_voice_count":0,"_bbp_anonymous_reply_count":0,"_bbp_topic_count_hidden":0,"_bbp_reply_count_hidden":0,"_bbp_forum_subforum_count":0,"footnotes":""},"categories":[4],"tags":[28,29,27],"_links":{"self":[{"href":"https:\/\/www.sutw-kielce.pl\/index.php?rest_route=\/wp\/v2\/posts\/12393"}],"collection":[{"href":"https:\/\/www.sutw-kielce.pl\/index.php?rest_route=\/wp\/v2\/posts"}],"about":[{"href":"https:\/\/www.sutw-kielce.pl\/index.php?rest_route=\/wp\/v2\/types\/post"}],"author":[{"embeddable":true,"href":"https:\/\/www.sutw-kielce.pl\/index.php?rest_route=\/wp\/v2\/users\/5"}],"replies":[{"embeddable":true,"href":"https:\/\/www.sutw-kielce.pl\/index.php?rest_route=%2Fwp%2Fv2%2Fcomments&post=12393"}],"version-history":[{"count":2,"href":"https:\/\/www.sutw-kielce.pl\/index.php?rest_route=\/wp\/v2\/posts\/12393\/revisions"}],"predecessor-version":[{"id":12396,"href":"https:\/\/www.sutw-kielce.pl\/index.php?rest_route=\/wp\/v2\/posts\/12393\/revisions\/12396"}],"wp:featuredmedia":[{"embeddable":true,"href":"https:\/\/www.sutw-kielce.pl\/index.php?rest_route=\/wp\/v2\/media\/12394"}],"wp:attachment":[{"href":"https:\/\/www.sutw-kielce.pl\/index.php?rest_route=%2Fwp%2Fv2%2Fmedia&parent=12393"}],"wp:term":[{"taxonomy":"category","embeddable":true,"href":"https:\/\/www.sutw-kielce.pl\/index.php?rest_route=%2Fwp%2Fv2%2Fcategories&post=12393"},{"taxonomy":"post_tag","embeddable":true,"href":"https:\/\/www.sutw-kielce.pl\/index.php?rest_route=%2Fwp%2Fv2%2Ftags&post=12393"}],"curies":[{"name":"wp","href":"https:\/\/api.w.org\/{rel}","templated":true}]}}