{"id":12323,"date":"2025-10-07T11:44:12","date_gmt":"2025-10-07T09:44:12","guid":{"rendered":"https:\/\/www.sutw-kielce.pl\/?p=12323"},"modified":"2025-10-14T13:30:30","modified_gmt":"2025-10-14T11:30:30","slug":"iv-wielki-kongres-utw","status":"publish","type":"post","link":"https:\/\/www.sutw-kielce.pl\/?p=12323","title":{"rendered":"IV Wielki Kongres UTW."},"content":{"rendered":"\n<p>19 maja 2025 w pi\u0119knych wn\u0119trzach Opery Narodowej w Warszawie odby\u0142 si e kongres UTW.<br>Kongres po\u015bwi\u0119cony by\u0142 obchodom 50 lecia ruchu UTW w Polsce. Pierwszy polski UTW powsta\u0142 z inicjatywy prof. Haliny Szwarc, kt\u00f3ra w 1975r za\u0142o\u017cy\u0142a w w-wie UTW na Wy\u017cszej Szkole Gospodarki. By\u0142a to trzecia w \u015bwiecie ( po Francji i Belgii) plac\u00f3wka, kt\u00f3rej dzia\u0142alno\u015b\u0107 po\u015bwi\u0119cona zosta\u0142a ludziom po uko\u0144czeniu ich dzia\u0142alno\u015bci zawodowej. Istnienie tego ruchu zawdzi\u0119czamy francuskiemu prof. Pierre Vellasowi, kt\u00f3ry w 1973r stworzy\u0142 w Tuluzie pierwszy w \u015bwiecie Uniwersytet Trzeciego Wieku. <br>W naszym kraju ruch ten rozwija\u0142 si\u0119 powoli. Do 1985r powsta\u0142o 10 tego typu uniwersytet\u00f3w ale ju\u017c w w latach 2000-tych nabra\u0142 du\u017cego tempa. Obecnie istnieje ju\u017c ok. 700 UTW.<br><br>W kongresie udzia\u0142 wzi\u0119\u0142o 1200 os\u00f3b z kraju i z zagranicy (g\u0142\u00f3wnie polonijnych). Zebranych go\u015bci powita\u0142 Micha\u0142 Szczerba &#8211; europose\u0142, kt\u00f3ry jest bardzo zaanga\u017cowany w ruch senioralny. W swoim wyst\u0105pieniu gratulowa\u0142, tak wspania\u0142ego rozwoju, a jednocze\u015bnie uniwersytetom z\u0142o\u017cy\u0142 \u017cyczenia zar\u00f3wno pomy\u015blno\u015bci w \u017cyciu osobistym jak i pomy\u015blno\u015bci w rozwoju dzia\u0142ania UTW. Zebranych powita\u0142a te\u017c Krystyna Lewkowicz, Prezes Fundacji Og\u00f3lnopolskiego Porozumienia UTW, przedstawiaj\u0105c has\u0142o kongresu &#8211; &#8220;R\u00f3\u017cnorodno\u015b\u0107&#8221;.<br>W imieniu prezydenta W-wy Rafa\u0142a Trzaskowskiego , Aldona Machnowska &#8211; G\u00f3ra przekaza\u0142a gratulacje i \u017cyczenia dalszego rozwoju. Prezentacj\u0119 dorobku UTW przedstawi\u0142a K.Lewkowicz. <br>Za wspieranie dzia\u0142alno\u015bci UTW, marsza\u0142ek Ma\u0142gorzata KIdawa-B\u0142o\u0144ska  oraz marsza\u0142ek woj. mazowieckiego Adam Struzik zostali wyr\u00f3\u017cnieni tytu\u0142em &#8221; Wielka Osobowo\u015b\u0107 UTW&#8221;. <br>Wa\u017cn\u0105 cz\u0119\u015bci\u0105 kongresu by\u0142o przedstawienie przez K.Lewkowicz, Paktu na rzecz Senior\u00f3w czyli Deklaracj\u0119 Programowo &#8211; Strategiczn\u0105 IV Wielkiego Kongresu UTW, kt\u00f3ry zosta\u0142 przyj\u0119ty przez uczestnik\u00f3w. Pakt ten zawiera konkretne propozycje zmian na rzecz senior\u00f3w i jest adresowany do Rz\u0105du i Parlamentu.<\/p>\n\n\n\n<p>W drugiej cz\u0119\u015bci spotkania pokaz swojego dorobku artystycznego przedstawi\u0142y zespo\u0142y senioralne. By\u0142y to niezwykle barwne i pomys\u0142owe wyst\u0119py.<\/p>\n\n\n\n<p>Sponsorami Kongresu byli: Orlen SA, PKO BP, Totalizator Sportowy, Wodoci\u0105gi W-wa.<\/p>\n\n\n\n<p>Kielce  7.10. 25<br> Maria Pastuszko <\/p>\n\n\n\n<p><strong>Od redakcji www:<\/strong> <br>Kole\u017canka Maria Pastuszko reprezentowa\u0142a  na Kongresie  \u015awi\u0119tokrzyski UTW.<br>Akredytacj\u0119 \u015aUTW uzyska\u0142 od Og\u00f3lnopolskiej Federacji UTW. <\/p>\n\n\n\n<figure class=\"wp-block-gallery has-nested-images columns-default is-cropped wp-block-gallery-1 is-layout-flex wp-block-gallery-is-layout-flex\">\n<figure class=\"wp-block-image size-large\"><a href=\"https:\/\/www.sutw-kielce.pl\/wp-content\/uploads\/2025\/10\/IMG-20251006-WA0023.jpg\"><img loading=\"lazy\" decoding=\"async\" width=\"768\" height=\"1024\" data-id=\"12408\" src=\"https:\/\/www.sutw-kielce.pl\/wp-content\/uploads\/2025\/10\/IMG-20251006-WA0023-768x1024.jpg\" alt=\"\" class=\"wp-image-12408\" srcset=\"https:\/\/www.sutw-kielce.pl\/wp-content\/uploads\/2025\/10\/IMG-20251006-WA0023-768x1024.jpg 768w, https:\/\/www.sutw-kielce.pl\/wp-content\/uploads\/2025\/10\/IMG-20251006-WA0023-225x300.jpg 225w, https:\/\/www.sutw-kielce.pl\/wp-content\/uploads\/2025\/10\/IMG-20251006-WA0023-1152x1536.jpg 1152w, https:\/\/www.sutw-kielce.pl\/wp-content\/uploads\/2025\/10\/IMG-20251006-WA0023.jpg 1530w\" sizes=\"(max-width: 768px) 100vw, 768px\" \/><\/a><\/figure>\n\n\n\n<figure class=\"wp-block-image size-large\"><a href=\"https:\/\/www.sutw-kielce.pl\/wp-content\/uploads\/2025\/10\/IMG-20251006-WA0024.jpg\"><img loading=\"lazy\" decoding=\"async\" width=\"1024\" height=\"768\" data-id=\"12411\" src=\"https:\/\/www.sutw-kielce.pl\/wp-content\/uploads\/2025\/10\/IMG-20251006-WA0024-1024x768.jpg\" alt=\"\" class=\"wp-image-12411\" srcset=\"https:\/\/www.sutw-kielce.pl\/wp-content\/uploads\/2025\/10\/IMG-20251006-WA0024-1024x768.jpg 1024w, https:\/\/www.sutw-kielce.pl\/wp-content\/uploads\/2025\/10\/IMG-20251006-WA0024-300x225.jpg 300w, https:\/\/www.sutw-kielce.pl\/wp-content\/uploads\/2025\/10\/IMG-20251006-WA0024-768x576.jpg 768w, https:\/\/www.sutw-kielce.pl\/wp-content\/uploads\/2025\/10\/IMG-20251006-WA0024-1536x1152.jpg 1536w, https:\/\/www.sutw-kielce.pl\/wp-content\/uploads\/2025\/10\/IMG-20251006-WA0024.jpg 2040w\" sizes=\"(max-width: 1024px) 100vw, 1024px\" \/><\/a><\/figure>\n\n\n\n<figure class=\"wp-block-image size-large\"><a href=\"https:\/\/www.sutw-kielce.pl\/wp-content\/uploads\/2025\/10\/IMG-20251006-WA0025.jpg\"><img loading=\"lazy\" decoding=\"async\" width=\"768\" height=\"1024\" data-id=\"12409\" src=\"https:\/\/www.sutw-kielce.pl\/wp-content\/uploads\/2025\/10\/IMG-20251006-WA0025-768x1024.jpg\" alt=\"\" class=\"wp-image-12409\" srcset=\"https:\/\/www.sutw-kielce.pl\/wp-content\/uploads\/2025\/10\/IMG-20251006-WA0025-768x1024.jpg 768w, https:\/\/www.sutw-kielce.pl\/wp-content\/uploads\/2025\/10\/IMG-20251006-WA0025-225x300.jpg 225w, https:\/\/www.sutw-kielce.pl\/wp-content\/uploads\/2025\/10\/IMG-20251006-WA0025-1152x1536.jpg 1152w, https:\/\/www.sutw-kielce.pl\/wp-content\/uploads\/2025\/10\/IMG-20251006-WA0025.jpg 1530w\" sizes=\"(max-width: 768px) 100vw, 768px\" \/><\/a><\/figure>\n\n\n\n<figure class=\"wp-block-image size-large\"><a href=\"https:\/\/www.sutw-kielce.pl\/wp-content\/uploads\/2025\/10\/IMG-20251006-WA0026.jpg\"><img loading=\"lazy\" decoding=\"async\" width=\"1024\" height=\"768\" data-id=\"12410\" src=\"https:\/\/www.sutw-kielce.pl\/wp-content\/uploads\/2025\/10\/IMG-20251006-WA0026-1024x768.jpg\" alt=\"\" class=\"wp-image-12410\" srcset=\"https:\/\/www.sutw-kielce.pl\/wp-content\/uploads\/2025\/10\/IMG-20251006-WA0026-1024x768.jpg 1024w, https:\/\/www.sutw-kielce.pl\/wp-content\/uploads\/2025\/10\/IMG-20251006-WA0026-300x225.jpg 300w, https:\/\/www.sutw-kielce.pl\/wp-content\/uploads\/2025\/10\/IMG-20251006-WA0026-768x576.jpg 768w, https:\/\/www.sutw-kielce.pl\/wp-content\/uploads\/2025\/10\/IMG-20251006-WA0026-1536x1152.jpg 1536w, https:\/\/www.sutw-kielce.pl\/wp-content\/uploads\/2025\/10\/IMG-20251006-WA0026.jpg 2040w\" sizes=\"(max-width: 1024px) 100vw, 1024px\" \/><\/a><\/figure>\n\n\n\n<figure class=\"wp-block-image size-large\"><a href=\"https:\/\/www.sutw-kielce.pl\/wp-content\/uploads\/2025\/10\/IMG-20251006-WA0027.jpg\"><img loading=\"lazy\" decoding=\"async\" width=\"1024\" height=\"768\" data-id=\"12413\" src=\"https:\/\/www.sutw-kielce.pl\/wp-content\/uploads\/2025\/10\/IMG-20251006-WA0027-1024x768.jpg\" alt=\"\" class=\"wp-image-12413\" srcset=\"https:\/\/www.sutw-kielce.pl\/wp-content\/uploads\/2025\/10\/IMG-20251006-WA0027-1024x768.jpg 1024w, https:\/\/www.sutw-kielce.pl\/wp-content\/uploads\/2025\/10\/IMG-20251006-WA0027-300x225.jpg 300w, https:\/\/www.sutw-kielce.pl\/wp-content\/uploads\/2025\/10\/IMG-20251006-WA0027-768x576.jpg 768w, https:\/\/www.sutw-kielce.pl\/wp-content\/uploads\/2025\/10\/IMG-20251006-WA0027-1536x1152.jpg 1536w, https:\/\/www.sutw-kielce.pl\/wp-content\/uploads\/2025\/10\/IMG-20251006-WA0027.jpg 2040w\" sizes=\"(max-width: 1024px) 100vw, 1024px\" \/><\/a><\/figure>\n\n\n\n<figure class=\"wp-block-image size-large\"><a href=\"https:\/\/www.sutw-kielce.pl\/wp-content\/uploads\/2025\/10\/IMG-20251006-WA0028.jpg\"><img loading=\"lazy\" decoding=\"async\" width=\"1024\" height=\"768\" data-id=\"12412\" src=\"https:\/\/www.sutw-kielce.pl\/wp-content\/uploads\/2025\/10\/IMG-20251006-WA0028-1024x768.jpg\" alt=\"\" class=\"wp-image-12412\" srcset=\"https:\/\/www.sutw-kielce.pl\/wp-content\/uploads\/2025\/10\/IMG-20251006-WA0028-1024x768.jpg 1024w, https:\/\/www.sutw-kielce.pl\/wp-content\/uploads\/2025\/10\/IMG-20251006-WA0028-300x225.jpg 300w, https:\/\/www.sutw-kielce.pl\/wp-content\/uploads\/2025\/10\/IMG-20251006-WA0028-768x576.jpg 768w, https:\/\/www.sutw-kielce.pl\/wp-content\/uploads\/2025\/10\/IMG-20251006-WA0028-1536x1152.jpg 1536w, https:\/\/www.sutw-kielce.pl\/wp-content\/uploads\/2025\/10\/IMG-20251006-WA0028.jpg 2040w\" sizes=\"(max-width: 1024px) 100vw, 1024px\" \/><\/a><\/figure>\n<\/figure>\n","protected":false},"excerpt":{"rendered":"<p>19 maja 2025 w pi\u0119knych wn\u0119trzach Opery Narodowej w Warszawie odby\u0142 si e kongres UTW.Kongres po\u015bwi\u0119cony by\u0142 obchodom 50 lecia ruchu UTW w Polsce. Pierwszy<a class=\"moretag\" href=\"https:\/\/www.sutw-kielce.pl\/?p=12323\"> [&#8230;]<\/a><\/p>\n","protected":false},"author":5,"featured_media":12414,"comment_status":"open","ping_status":"open","sticky":false,"template":"","format":"standard","meta":{"_bbp_topic_count":0,"_bbp_reply_count":0,"_bbp_total_topic_count":0,"_bbp_total_reply_count":0,"_bbp_voice_count":0,"_bbp_anonymous_reply_count":0,"_bbp_topic_count_hidden":0,"_bbp_reply_count_hidden":0,"_bbp_forum_subforum_count":0,"footnotes":""},"categories":[5],"tags":[30,27],"_links":{"self":[{"href":"https:\/\/www.sutw-kielce.pl\/index.php?rest_route=\/wp\/v2\/posts\/12323"}],"collection":[{"href":"https:\/\/www.sutw-kielce.pl\/index.php?rest_route=\/wp\/v2\/posts"}],"about":[{"href":"https:\/\/www.sutw-kielce.pl\/index.php?rest_route=\/wp\/v2\/types\/post"}],"author":[{"embeddable":true,"href":"https:\/\/www.sutw-kielce.pl\/index.php?rest_route=\/wp\/v2\/users\/5"}],"replies":[{"embeddable":true,"href":"https:\/\/www.sutw-kielce.pl\/index.php?rest_route=%2Fwp%2Fv2%2Fcomments&post=12323"}],"version-history":[{"count":3,"href":"https:\/\/www.sutw-kielce.pl\/index.php?rest_route=\/wp\/v2\/posts\/12323\/revisions"}],"predecessor-version":[{"id":12417,"href":"https:\/\/www.sutw-kielce.pl\/index.php?rest_route=\/wp\/v2\/posts\/12323\/revisions\/12417"}],"wp:featuredmedia":[{"embeddable":true,"href":"https:\/\/www.sutw-kielce.pl\/index.php?rest_route=\/wp\/v2\/media\/12414"}],"wp:attachment":[{"href":"https:\/\/www.sutw-kielce.pl\/index.php?rest_route=%2Fwp%2Fv2%2Fmedia&parent=12323"}],"wp:term":[{"taxonomy":"category","embeddable":true,"href":"https:\/\/www.sutw-kielce.pl\/index.php?rest_route=%2Fwp%2Fv2%2Fcategories&post=12323"},{"taxonomy":"post_tag","embeddable":true,"href":"https:\/\/www.sutw-kielce.pl\/index.php?rest_route=%2Fwp%2Fv2%2Ftags&post=12323"}],"curies":[{"name":"wp","href":"https:\/\/api.w.org\/{rel}","templated":true}]}}