{"id":12310,"date":"2025-09-30T13:06:34","date_gmt":"2025-09-30T11:06:34","guid":{"rendered":"https:\/\/www.sutw-kielce.pl\/?p=12310"},"modified":"2025-10-01T15:51:08","modified_gmt":"2025-10-01T13:51:08","slug":"inauguracja-roku-akademickiego-25-26","status":"publish","type":"post","link":"https:\/\/www.sutw-kielce.pl\/?p=12310","title":{"rendered":"Inauguracja roku akademickiego 25\/26"},"content":{"rendered":"\n<p>Serdecznie zapraszamy wszystkich s\u0142uchaczy \u015awi\u0119tokrzyskiego UTW, a tak\u017ce sympatyk\u00f3w i przysz\u0142ych cz\u0142onk\u00f3w naszego stowarzyszenia na uroczysto\u015b\u0107 rozpocz\u0119cia nowego roku akademickiego.<\/p>\n\n\n\n<p class=\"has-text-align-center\"><strong>Inauguracja roku akademickiego 2025\/26<br>odb\u0119dzie si\u0119 w dniu 6 pa\u017adziernika (poniedzia\u0142ek) 2025 o godzinie 16.00<br>w WDK w Kielcach ul. \u015aciegiennego 2<\/strong><\/p>\n\n\n\n<p class=\"has-text-align-center\"><strong>Wsp\u00f3\u0142organizatorem uroczysto\u015bci s\u0105  Wojew\u00f3dzki Dom Kultury w Kielcach <\/strong><br><strong>oraz Urz\u0105d Marsza\u0142kowski Woj. \u015awi\u0119tokrzyskiego.<\/strong><\/p>\n\n\n\n<p class=\"has-text-align-right\"><strong>Zarz\u0105d \u015aUTW<\/strong><\/p>\n\n\n\n<p class=\"has-text-align-center\"><strong>Wyk\u0142ad pt. &#8220;Stawka wi\u0119ksza ni\u017c \u017bycie. Wspomnienie o Halinie Szwarc &#8221; wyg\u0142osi  Ewa Pi\u0142at, <\/strong><br><strong>Dyrektor Jagiello\u0144skiego UTW.<\/strong><br><br>W programie uroczysto\u015bci jest mini koncert z muzyk\u0105 filmow\u0105 i s\u0142odka niespodzianka.<\/p>\n\n\n\n<p><\/p>\n\n\n\n<p><\/p>\n\n\n\n<figure class=\"wp-block-gallery has-nested-images columns-default is-cropped wp-block-gallery-1 is-layout-flex wp-block-gallery-is-layout-flex\">\n<figure class=\"wp-block-image size-large\"><img loading=\"lazy\" decoding=\"async\" width=\"124\" height=\"123\" data-id=\"12314\" src=\"https:\/\/www.sutw-kielce.pl\/wp-content\/uploads\/2025\/09\/logo-sutw.png\" alt=\"\" class=\"wp-image-12314\"\/><\/figure>\n\n\n\n<figure class=\"wp-block-image size-large\"><img loading=\"lazy\" decoding=\"async\" width=\"190\" height=\"123\" data-id=\"12312\" src=\"https:\/\/www.sutw-kielce.pl\/wp-content\/uploads\/2025\/09\/Urzad-Marszal.-Kielce.png\" alt=\"\" class=\"wp-image-12312\"\/><\/figure>\n\n\n\n<figure class=\"wp-block-image size-large\"><img loading=\"lazy\" decoding=\"async\" width=\"192\" height=\"145\" data-id=\"12313\" src=\"https:\/\/www.sutw-kielce.pl\/wp-content\/uploads\/2025\/09\/WDK-Kielce.png\" alt=\"\" class=\"wp-image-12313\"\/><\/figure>\n<\/figure>\n","protected":false},"excerpt":{"rendered":"<p>Serdecznie zapraszamy wszystkich s\u0142uchaczy \u015awi\u0119tokrzyskiego UTW, a tak\u017ce sympatyk\u00f3w i przysz\u0142ych cz\u0142onk\u00f3w naszego stowarzyszenia na uroczysto\u015b\u0107 rozpocz\u0119cia nowego roku akademickiego. Inauguracja roku akademickiego 2025\/26odb\u0119dzie si\u0119<a class=\"moretag\" href=\"https:\/\/www.sutw-kielce.pl\/?p=12310\"> [&#8230;]<\/a><\/p>\n","protected":false},"author":5,"featured_media":12311,"comment_status":"closed","ping_status":"open","sticky":false,"template":"","format":"standard","meta":{"_bbp_topic_count":0,"_bbp_reply_count":0,"_bbp_total_topic_count":0,"_bbp_total_reply_count":0,"_bbp_voice_count":0,"_bbp_anonymous_reply_count":0,"_bbp_topic_count_hidden":0,"_bbp_reply_count_hidden":0,"_bbp_forum_subforum_count":0,"footnotes":""},"categories":[4,21],"tags":[],"_links":{"self":[{"href":"https:\/\/www.sutw-kielce.pl\/index.php?rest_route=\/wp\/v2\/posts\/12310"}],"collection":[{"href":"https:\/\/www.sutw-kielce.pl\/index.php?rest_route=\/wp\/v2\/posts"}],"about":[{"href":"https:\/\/www.sutw-kielce.pl\/index.php?rest_route=\/wp\/v2\/types\/post"}],"author":[{"embeddable":true,"href":"https:\/\/www.sutw-kielce.pl\/index.php?rest_route=\/wp\/v2\/users\/5"}],"replies":[{"embeddable":true,"href":"https:\/\/www.sutw-kielce.pl\/index.php?rest_route=%2Fwp%2Fv2%2Fcomments&post=12310"}],"version-history":[{"count":4,"href":"https:\/\/www.sutw-kielce.pl\/index.php?rest_route=\/wp\/v2\/posts\/12310\/revisions"}],"predecessor-version":[{"id":12319,"href":"https:\/\/www.sutw-kielce.pl\/index.php?rest_route=\/wp\/v2\/posts\/12310\/revisions\/12319"}],"wp:featuredmedia":[{"embeddable":true,"href":"https:\/\/www.sutw-kielce.pl\/index.php?rest_route=\/wp\/v2\/media\/12311"}],"wp:attachment":[{"href":"https:\/\/www.sutw-kielce.pl\/index.php?rest_route=%2Fwp%2Fv2%2Fmedia&parent=12310"}],"wp:term":[{"taxonomy":"category","embeddable":true,"href":"https:\/\/www.sutw-kielce.pl\/index.php?rest_route=%2Fwp%2Fv2%2Fcategories&post=12310"},{"taxonomy":"post_tag","embeddable":true,"href":"https:\/\/www.sutw-kielce.pl\/index.php?rest_route=%2Fwp%2Fv2%2Ftags&post=12310"}],"curies":[{"name":"wp","href":"https:\/\/api.w.org\/{rel}","templated":true}]}}