{"id":12292,"date":"2025-09-28T09:34:10","date_gmt":"2025-09-28T07:34:10","guid":{"rendered":"https:\/\/www.sutw-kielce.pl\/?p=12292"},"modified":"2025-10-01T15:55:17","modified_gmt":"2025-10-01T13:55:17","slug":"weekend-seniora-z-kultura-2","status":"publish","type":"post","link":"https:\/\/www.sutw-kielce.pl\/?p=12292","title":{"rendered":"Weekend Seniora z Kultur\u0105"},"content":{"rendered":"\n<p><strong>W dniach 4\u20135 pa\u017adziernika Muzeum Narodowe w&nbsp;Kielcach organizuje bezp\u0142atne zwiedzanie wystaw sta\u0142ych dla os\u00f3b powy\u017cej 60. roku \u017cycia w&nbsp;ramach&nbsp;<em>Weekendu Seniora z&nbsp;Kultur\u0105<\/em>. Zwiedzanie dost\u0119pne b\u0119dzie we wszystkich czynnych w&nbsp;tym czasie oddzia\u0142ach Muzeum.<\/strong><\/p>\n\n\n\n<p>&nbsp;<strong>Harmonogram:<\/strong><\/p>\n\n\n\n<ul>\n<li><strong>Dawny Pa\u0142ac Biskup\u00f3w Krakowskich<\/strong><br>sobota 9.00\u201317.00<br>niedziela 9.00\u201317.00<\/li>\n\n\n\n<li><strong>Pa\u0142acyk Henryka Sienkiewicza w&nbsp;Obl\u0119gorku<\/strong><br>sobota 9.00\u201317.00<br>niedziela 9.00\u201317.00<\/li>\n\n\n\n<li><strong>Muzeum Stefana \u017beromskiego<\/strong><br>sobota \u2013 oddzia\u0142 nieczynny<br>niedziela 9.00\u201317.00<\/li>\n\n\n\n<li><strong>Muzeum Dialogu Kultur<\/strong><br>sobota \u2013 oddzia\u0142 nieczynny<br>niedziela 9.00\u201317.00<\/li>\n\n\n\n<li><strong>Muzeum Archeologiczne w\u00a0Wi\u015blicy<\/strong><br>sobota \u2013 oddzia\u0142 nieczynny<br>niedziela 9.00\u201317.00<\/li>\n<\/ul>\n\n\n\n<p><strong>Rok \u017beromskiego. \u017beromski i Mortkowiczowie<\/strong><\/p>\n\n\n\n<p><strong>W ramach cyklu Niedziela w&nbsp;Muzeum zapraszamy do Muzeum Stefana \u017beromskiego na wyk\u0142ad dotycz\u0105cy \u017cycia i&nbsp;tw\u00f3rczo\u015bci autora&nbsp;<em>Syzyfowych prac<\/em>.<\/strong><\/p>\n\n\n\n<p>W 1913 roku Stefan \u017beromski nawi\u0105za\u0142 wsp\u00f3\u0142prac\u0119 z&nbsp;warszawskim ksi\u0119garzem i&nbsp;wydawc\u0105 Jakubem Mortkowiczem. Dzi\u0119ki temu zako\u0144czy\u0142y si\u0119 wieloletnie problemy pisarza z&nbsp;poprzednimi oficynami, kt\u00f3rych przedstawiciele wielokrotnie dopuszczali si\u0119 nadu\u017cy\u0107 wobec jego tw\u00f3rczo\u015bci. Mortkowicz dba\u0142 nie tylko o&nbsp;estetyk\u0119 i&nbsp;jako\u015b\u0107 wydawanych pozycji, ale tak\u017ce uczciwie wyp\u0142aca\u0142 \u017beromskiemu nale\u017cne honoraria. Zawodowa wsp\u00f3\u0142praca przerodzi\u0142a si\u0119 w&nbsp;przyja\u017a\u0144. Po \u015bmierci pisarza w&nbsp;1925 i&nbsp;wydawcy w&nbsp;1931 roku ich rodziny podtrzyma\u0142y blisk\u0105 relacj\u0119, a&nbsp;c\u00f3rka ksi\u0119garza, Hanna Mortkowicz-Olczakowa, by\u0142a jedn\u0105 z&nbsp;pierwszych biograf\u00f3w Stefana \u017beromskiego.<\/p>\n\n\n\n<p>Podczas spotkania Magdalena Del opowie, dlaczego Jakub Mortkowicz zyska\u0142 wy\u0142\u0105czne prawo do&nbsp;publikowania dzie\u0142 \u017beromskiego i&nbsp;w&nbsp;jaki spos\u00f3b przyczyni\u0142 si\u0119 do zakupienia willi \u201e\u015awit\u201d w&nbsp;Konstancinie-Jeziornie. Przybli\u017cy r\u00f3wnie\u017c obraz relacji Anny i&nbsp;Moniki \u017beromskich z&nbsp;Janin\u0105 Mortkowicz i&nbsp;Hann\u0105 Mortkowicz-Olczakow\u0105 i&nbsp;wyja\u015bni, czy ich przyja\u017a\u0144 mia\u0142a wp\u0142yw na spos\u00f3b, w&nbsp;jaki c\u00f3rka wydawcy ukaza\u0142a rodzin\u0119 \u017beromskich w&nbsp;po\u015bwi\u0119conych pisarzowi wspomnieniach.<\/p>\n\n\n\n<p>Wst\u0119p bezp\u0142atny.<\/p>\n\n\n\n<p>5 pa\u017adziernika, niedziela, godz. 12, Muzeum Stefana \u017beromskiego, ul. Jana Paw\u0142a II 5<\/p>\n","protected":false},"excerpt":{"rendered":"<p>W dniach 4\u20135 pa\u017adziernika Muzeum Narodowe w&nbsp;Kielcach organizuje bezp\u0142atne zwiedzanie wystaw sta\u0142ych dla os\u00f3b powy\u017cej 60. roku \u017cycia w&nbsp;ramach&nbsp;Weekendu Seniora z&nbsp;Kultur\u0105. Zwiedzanie dost\u0119pne b\u0119dzie we<a class=\"moretag\" href=\"https:\/\/www.sutw-kielce.pl\/?p=12292\"> [&#8230;]<\/a><\/p>\n","protected":false},"author":5,"featured_media":12293,"comment_status":"closed","ping_status":"open","sticky":false,"template":"","format":"standard","meta":{"_bbp_topic_count":0,"_bbp_reply_count":0,"_bbp_total_topic_count":0,"_bbp_total_reply_count":0,"_bbp_voice_count":0,"_bbp_anonymous_reply_count":0,"_bbp_topic_count_hidden":0,"_bbp_reply_count_hidden":0,"_bbp_forum_subforum_count":0,"footnotes":""},"categories":[4],"tags":[],"_links":{"self":[{"href":"https:\/\/www.sutw-kielce.pl\/index.php?rest_route=\/wp\/v2\/posts\/12292"}],"collection":[{"href":"https:\/\/www.sutw-kielce.pl\/index.php?rest_route=\/wp\/v2\/posts"}],"about":[{"href":"https:\/\/www.sutw-kielce.pl\/index.php?rest_route=\/wp\/v2\/types\/post"}],"author":[{"embeddable":true,"href":"https:\/\/www.sutw-kielce.pl\/index.php?rest_route=\/wp\/v2\/users\/5"}],"replies":[{"embeddable":true,"href":"https:\/\/www.sutw-kielce.pl\/index.php?rest_route=%2Fwp%2Fv2%2Fcomments&post=12292"}],"version-history":[{"count":3,"href":"https:\/\/www.sutw-kielce.pl\/index.php?rest_route=\/wp\/v2\/posts\/12292\/revisions"}],"predecessor-version":[{"id":12322,"href":"https:\/\/www.sutw-kielce.pl\/index.php?rest_route=\/wp\/v2\/posts\/12292\/revisions\/12322"}],"wp:featuredmedia":[{"embeddable":true,"href":"https:\/\/www.sutw-kielce.pl\/index.php?rest_route=\/wp\/v2\/media\/12293"}],"wp:attachment":[{"href":"https:\/\/www.sutw-kielce.pl\/index.php?rest_route=%2Fwp%2Fv2%2Fmedia&parent=12292"}],"wp:term":[{"taxonomy":"category","embeddable":true,"href":"https:\/\/www.sutw-kielce.pl\/index.php?rest_route=%2Fwp%2Fv2%2Fcategories&post=12292"},{"taxonomy":"post_tag","embeddable":true,"href":"https:\/\/www.sutw-kielce.pl\/index.php?rest_route=%2Fwp%2Fv2%2Ftags&post=12292"}],"curies":[{"name":"wp","href":"https:\/\/api.w.org\/{rel}","templated":true}]}}